{"id":8779,"date":"2026-04-13T14:49:17","date_gmt":"2026-04-13T14:49:17","guid":{"rendered":"https:\/\/agr-tc.pt\/wp\/?p=8779"},"modified":"2026-04-13T15:01:43","modified_gmt":"2026-04-13T15:01:43","slug":"informacao-aos-ee-auxilios-economicos","status":"publish","type":"post","link":"https:\/\/agr-tc.pt\/wp\/?p=8779","title":{"rendered":"INFORMA\u00c7\u00c3O\u00a0AOS EE &#8211; AUX\u00cdLIOS ECON\u00d3MICOS"},"content":{"rendered":"\n<p class=\"has-text-align-center\"><strong>INFORMA\u00c7\u00c3O<\/strong><strong>&nbsp;AOS EE<\/strong><\/p>\n\n\n\n<p class=\"has-text-align-center\"><strong>CANDIDATURA AOS&nbsp;<\/strong><strong>AUX\u00cdLIOS<\/strong><strong>&nbsp;<\/strong><strong>ECON\u00d3MICOS<\/strong><strong>&nbsp;\u2013 ASE 2026\/2027<\/strong><\/p>\n\n\n\n<p><strong>Exmo\/a Sr\u00ba\/\u00aa EE.<\/strong><\/p>\n\n\n\n<p><strong>Para se candidatar aos aux\u00edlios econ\u00f3micos do SASE para o ano letivo 2026\/202<\/strong>7, deve proceder ao preenchimento do boletim de aux\u00edlios econ\u00f3micos e envi\u00e1-lo para o email:&nbsp;<a href=\"mailto:sase.agrup@agr-tc.pt\" target=\"_blank\" rel=\"noreferrer noopener\"><strong>sase.agrup@agr-tc.pt<\/strong><\/a>, juntamente com a declara\u00e7\u00e3o do abono de fam\u00edlia.&nbsp; (Documento emitido pela seguran\u00e7a social ou, quando se trate de trabalhador da Administra\u00e7\u00e3o p\u00fablica, pelo servi\u00e7o processador, do seu posicionamento no escal\u00e3o de atribui\u00e7\u00e3o de abono de fam\u00edlia).<br><strong>(aten\u00e7\u00e3o: tem de fazer o download, preencher o documento no seu computador, gravar e depois enviar para o email acima)<\/strong><\/p>\n\n\n\n<p>O per\u00edodo de candidatura para os aux\u00edlios econ\u00f3micos para o&nbsp;<strong>ano letivo 2026\/2027<\/strong>, \u00e9 fixado entre o dia&nbsp;<strong>22&nbsp;de abril e o dia 30 de junho<\/strong>.<\/p>\n\n\n\n<p><strong>Poder\u00e1 entregar a candidatura e respetiva documenta\u00e7\u00e3o, nos servi\u00e7os de A\u00e7\u00e3o Social Escolar da Escola Secund\u00e1ria Tom\u00e1s Cabreira, entre as 10h00 \u2013 12h00 e as 14h00 \u2013 16h00.<\/strong><\/p>\n\n\n\n<p class=\"has-medium-font-size\">Para fazer o download do documento de candidatura d\u00ea um clique com o bot\u00e3o direito do rato <a href=\"https:\/\/agr-tc.pt\/wp\/wp-content\/uploads\/2025\/04\/Boletim_ASE_2025_2026_pagina-da-escola.pdf\" target=\"_blank\" rel=\"noreferrer noopener\"><strong>aqui<\/strong><\/a> e escolha a op\u00e7\u00e3o &#8220;Guardar Liga\u00e7\u00e3o\/Link como&#8221; <strong>(Aten\u00e7\u00e3o: tem de fazer o download, preencher o documento no seu computador, gravar e depois enviar para o email <a href=\"mailto:sase.agrup@agr-tc.pt\" target=\"_blank\" rel=\"noreferrer noopener\"><strong>sase.agrup@agr-tc.pt<\/strong><\/a>).<\/strong><\/p>\n\n\n\n<hr class=\"wp-block-separator has-alpha-channel-opacity\"\/>\n\n\n\n<p>Aten\u00e7\u00e3o: esta not\u00edcia poder\u00e1 ser consultada, a qualquer momento, no separador &#8220;Servi\u00e7os Administrativos \/ SASE&#8221; do menu &#8220;Servi\u00e7os.<\/p>\n\n\n<div class=\"wp-block-image\">\n<figure class=\"aligncenter size-full\"><img loading=\"lazy\" decoding=\"async\" width=\"533\" height=\"605\" src=\"https:\/\/agr-tc.pt\/wp\/wp-content\/uploads\/2026\/04\/sase2026.png\" alt=\"\" class=\"wp-image-10843\"\/><\/figure>\n<\/div>\n\n\n<p><\/p>\n\n\n\n<p><\/p>\n","protected":false},"excerpt":{"rendered":"<p>INFORMA\u00c7\u00c3O AOS EE CANDIDATURA AOS AUX\u00cdLIOS ECON\u00d3MICOS \u2013 ASE 2025\/2026 Exmo\/a Sr\u00ba\/\u00aa EE. Para se candidatar aos aux\u00edlios econ\u00f3micos do do SASE para o ano letivo 2025\/2026, deve<\/p>\n","protected":false},"author":4,"featured_media":0,"comment_status":"closed","ping_status":"closed","sticky":false,"template":"","format":"standard","meta":{"footnotes":""},"categories":[43,12],"tags":[],"class_list":["post-8779","post","type-post","status-publish","format-standard","hentry","category-43","category-avisos"],"gutentor_comment":0,"_links":{"self":[{"href":"https:\/\/agr-tc.pt\/wp\/index.php?rest_route=\/wp\/v2\/posts\/8779","targetHints":{"allow":["GET"]}}],"collection":[{"href":"https:\/\/agr-tc.pt\/wp\/index.php?rest_route=\/wp\/v2\/posts"}],"about":[{"href":"https:\/\/agr-tc.pt\/wp\/index.php?rest_route=\/wp\/v2\/types\/post"}],"author":[{"embeddable":true,"href":"https:\/\/agr-tc.pt\/wp\/index.php?rest_route=\/wp\/v2\/users\/4"}],"replies":[{"embeddable":true,"href":"https:\/\/agr-tc.pt\/wp\/index.php?rest_route=%2Fwp%2Fv2%2Fcomments&post=8779"}],"version-history":[{"count":13,"href":"https:\/\/agr-tc.pt\/wp\/index.php?rest_route=\/wp\/v2\/posts\/8779\/revisions"}],"predecessor-version":[{"id":10844,"href":"https:\/\/agr-tc.pt\/wp\/index.php?rest_route=\/wp\/v2\/posts\/8779\/revisions\/10844"}],"wp:attachment":[{"href":"https:\/\/agr-tc.pt\/wp\/index.php?rest_route=%2Fwp%2Fv2%2Fmedia&parent=8779"}],"wp:term":[{"taxonomy":"category","embeddable":true,"href":"https:\/\/agr-tc.pt\/wp\/index.php?rest_route=%2Fwp%2Fv2%2Fcategories&post=8779"},{"taxonomy":"post_tag","embeddable":true,"href":"https:\/\/agr-tc.pt\/wp\/index.php?rest_route=%2Fwp%2Fv2%2Ftags&post=8779"}],"curies":[{"name":"wp","href":"https:\/\/api.w.org\/{rel}","templated":true}]}}