{"id":8598,"date":"2025-03-27T08:27:00","date_gmt":"2025-03-27T08:27:00","guid":{"rendered":"https:\/\/agr-tc.pt\/wp\/?p=8598"},"modified":"2025-03-27T09:07:23","modified_gmt":"2025-03-27T09:07:23","slug":"visita-de-estudo-a-evora","status":"publish","type":"post","link":"https:\/\/agr-tc.pt\/wp\/?p=8598","title":{"rendered":"Visita de estudo a \u00c9vora"},"content":{"rendered":"\n<p>Nos dias 20 e 21 de mar\u00e7o, os alunos de Artes Visuais, das turmas 10\u00ba4 e 10\u00ba6 e dos 10\u00ba e 12\u00ba anos do curso art\u00edstico especializado de Design de Comunica\u00e7\u00e3o, acompanhados pelas professoras Ana Cristina Coelho, Ana Maria Oliveira, Carla Leite, Cristina Barcoso e Teresa Coutinho participaram numa visita de estudo a \u00c9vora.<\/p>\n\n\n\n<p>A iniciativa foi organizada pelas professoras de Hist\u00f3ria da Cultura e das Artes e permitiu uma viagem pela Hist\u00f3ria, passando pela presen\u00e7a romana (templo), pelos per\u00edodos rom\u00e2nico, g\u00f3tico e manuelino (S\u00e9 Catedral, Pal\u00e1cio D. Manuel, Igreja de S. Francisco, janelas da Casa de Garcia de Resende, Casa Cordovil\u2026) e ainda pela arte contempor\u00e2nea (exposi\u00e7\u00f5es patentes no Centro de Arte e Cultura e no Pal\u00e1cio D. Manuel). Calcorrear as ruas medievais, mesmo com muita chuva, conduziu os alunos \u00e0 descoberta da Cidade Patrim\u00f3nio Mundial.<\/p>\n\n\n\n<p>Durante o percurso, os alunos tiveram a oportunidade de observar de perto obras de arte variadas, explorar diferentes correntes art\u00edsticas e compreender os processos criativos por detr\u00e1s das pe\u00e7as expostas. O entusiasmo e a curiosidade demonstrados pelos alunos foram not\u00f3rios, fruto das explica\u00e7\u00f5es cativantes dos t\u00e9cnicos que animaram os espa\u00e7os visitados.<\/p>\n\n\n\n<p>Esta experi\u00eancia permitiu consolidar os conhecimentos adquiridos em sala de aula, estimulando o pensamento cr\u00edtico e a aprecia\u00e7\u00e3o est\u00e9tica. Foi, sem d\u00favida, um momento de grande valor pedag\u00f3gico e cultural, que despertou nos alunos um interesse renovado pela hist\u00f3ria da arte, pela cultura e pelo patrim\u00f3nio art\u00edstico.<\/p>\n\n\n\n<p>Agradecemos a todos os que tornaram esta visita poss\u00edvel, em especial \u00e0 C\u00e2mara Municipal de Faro pela ced\u00eancia do autocarro, \u00e0s equipas dos museus e centros de arte, pela rece\u00e7\u00e3o calorosa e pelo entusiasmo na partilha de saberes.<\/p>\n\n\n<div class=\"wp-block-image\">\n<figure class=\"aligncenter size-full is-resized\"><img loading=\"lazy\" decoding=\"async\" width=\"1600\" height=\"979\" src=\"https:\/\/agr-tc.pt\/wp\/wp-content\/uploads\/2025\/03\/visitaevora00.jpg\" alt=\"\" class=\"wp-image-8599\" style=\"width:800px\" srcset=\"https:\/\/agr-tc.pt\/wp\/wp-content\/uploads\/2025\/03\/visitaevora00.jpg 1600w, https:\/\/agr-tc.pt\/wp\/wp-content\/uploads\/2025\/03\/visitaevora00-768x470.jpg 768w, https:\/\/agr-tc.pt\/wp\/wp-content\/uploads\/2025\/03\/visitaevora00-1536x940.jpg 1536w\" sizes=\"auto, (max-width: 1600px) 100vw, 1600px\" \/><\/figure>\n<\/div>\n\n\n<figure class=\"wp-block-gallery has-nested-images columns-default is-cropped wp-block-gallery-1 is-layout-flex wp-block-gallery-is-layout-flex\">\n<figure class=\"wp-block-image size-large\"><img loading=\"lazy\" decoding=\"async\" width=\"1024\" height=\"721\" data-id=\"8604\" src=\"https:\/\/agr-tc.pt\/wp\/wp-content\/uploads\/2025\/03\/visitaevora01-1024x721.jpg\" alt=\"\" class=\"wp-image-8604\" srcset=\"https:\/\/agr-tc.pt\/wp\/wp-content\/uploads\/2025\/03\/visitaevora01-1024x721.jpg 1024w, https:\/\/agr-tc.pt\/wp\/wp-content\/uploads\/2025\/03\/visitaevora01-340x240.jpg 340w\" sizes=\"auto, (max-width: 1024px) 100vw, 1024px\" \/><\/figure>\n\n\n\n<figure class=\"wp-block-image size-large\"><img loading=\"lazy\" decoding=\"async\" width=\"1024\" height=\"720\" data-id=\"8600\" src=\"https:\/\/agr-tc.pt\/wp\/wp-content\/uploads\/2025\/03\/visitaevora03-1024x720.jpg\" alt=\"\" class=\"wp-image-8600\" srcset=\"https:\/\/agr-tc.pt\/wp\/wp-content\/uploads\/2025\/03\/visitaevora03-1024x720.jpg 1024w, https:\/\/agr-tc.pt\/wp\/wp-content\/uploads\/2025\/03\/visitaevora03-340x240.jpg 340w\" sizes=\"auto, (max-width: 1024px) 100vw, 1024px\" \/><\/figure>\n\n\n\n<figure class=\"wp-block-image size-large\"><img loading=\"lazy\" decoding=\"async\" width=\"800\" height=\"360\" data-id=\"8601\" src=\"https:\/\/agr-tc.pt\/wp\/wp-content\/uploads\/2025\/03\/visitaevora04.jpg\" alt=\"\" class=\"wp-image-8601\" srcset=\"https:\/\/agr-tc.pt\/wp\/wp-content\/uploads\/2025\/03\/visitaevora04.jpg 800w, https:\/\/agr-tc.pt\/wp\/wp-content\/uploads\/2025\/03\/visitaevora04-768x346.jpg 768w\" sizes=\"auto, (max-width: 800px) 100vw, 800px\" \/><\/figure>\n\n\n\n<figure class=\"wp-block-image size-large\"><img loading=\"lazy\" decoding=\"async\" width=\"1024\" height=\"721\" data-id=\"8603\" src=\"https:\/\/agr-tc.pt\/wp\/wp-content\/uploads\/2025\/03\/visitaevora05-1024x721.jpg\" alt=\"\" class=\"wp-image-8603\" srcset=\"https:\/\/agr-tc.pt\/wp\/wp-content\/uploads\/2025\/03\/visitaevora05-1024x721.jpg 1024w, https:\/\/agr-tc.pt\/wp\/wp-content\/uploads\/2025\/03\/visitaevora05-340x240.jpg 340w\" sizes=\"auto, (max-width: 1024px) 100vw, 1024px\" \/><\/figure>\n\n\n\n<figure class=\"wp-block-image size-large\"><img loading=\"lazy\" decoding=\"async\" width=\"1024\" height=\"540\" data-id=\"8605\" src=\"https:\/\/agr-tc.pt\/wp\/wp-content\/uploads\/2025\/03\/visitaevora06-1024x540.jpg\" alt=\"\" class=\"wp-image-8605\"\/><\/figure>\n\n\n\n<figure class=\"wp-block-image size-large\"><img loading=\"lazy\" decoding=\"async\" width=\"1024\" height=\"721\" data-id=\"8602\" src=\"https:\/\/agr-tc.pt\/wp\/wp-content\/uploads\/2025\/03\/visitaevora07-1024x721.jpg\" alt=\"\" class=\"wp-image-8602\" srcset=\"https:\/\/agr-tc.pt\/wp\/wp-content\/uploads\/2025\/03\/visitaevora07-1024x721.jpg 1024w, https:\/\/agr-tc.pt\/wp\/wp-content\/uploads\/2025\/03\/visitaevora07-340x240.jpg 340w\" sizes=\"auto, (max-width: 1024px) 100vw, 1024px\" \/><\/figure>\n<\/figure>\n\n\n<div class=\"wp-block-image\">\n<figure class=\"aligncenter size-full is-resized\"><img loading=\"lazy\" decoding=\"async\" width=\"1000\" height=\"450\" src=\"https:\/\/agr-tc.pt\/wp\/wp-content\/uploads\/2025\/03\/visitaevora08.jpg\" alt=\"\" class=\"wp-image-8606\" style=\"width:508px;height:auto\" srcset=\"https:\/\/agr-tc.pt\/wp\/wp-content\/uploads\/2025\/03\/visitaevora08.jpg 1000w, https:\/\/agr-tc.pt\/wp\/wp-content\/uploads\/2025\/03\/visitaevora08-768x346.jpg 768w\" sizes=\"auto, (max-width: 1000px) 100vw, 1000px\" \/><\/figure>\n<\/div>\n\n\n<iframe loading=\"lazy\" src=\"https:\/\/www.facebook.com\/plugins\/post.php?href=https%3A%2F%2Fwww.facebook.com%2FAgr.Esc.Tomas.Cabreira.Faro%2Fposts%2Fpfbid02TEwUh4d1dzHPsw3nCpzMgcE1669xhHKihkKyhKUpUa5TF1eQSDNpEcW2XtqRcEg5l&#038;show_text=true&#038;width=500\" width=\"500\" height=\"792\" style=\"border:none;overflow:hidden\" scrolling=\"no\" frameborder=\"0\" allowfullscreen=\"true\" allow=\"autoplay; clipboard-write; encrypted-media; picture-in-picture; web-share\"><\/iframe>\n\n\n\n<blockquote class=\"instagram-media\" data-instgrm-captioned data-instgrm-permalink=\"https:\/\/www.instagram.com\/p\/DHsnNhbsVGn\/?utm_source=ig_embed&amp;utm_campaign=loading\" data-instgrm-version=\"14\" style=\" background:#FFF; border:0; border-radius:3px; box-shadow:0 0 1px 0 rgba(0,0,0,0.5),0 1px 10px 0 rgba(0,0,0,0.15); margin: 1px; max-width:540px; min-width:326px; padding:0; width:99.375%; width:-webkit-calc(100% - 2px); width:calc(100% - 2px);\"><div style=\"padding:16px;\"> <a href=\"https:\/\/www.instagram.com\/p\/DHsnNhbsVGn\/?utm_source=ig_embed&amp;utm_campaign=loading\" style=\" background:#FFFFFF; line-height:0; padding:0 0; text-align:center; text-decoration:none; width:100%;\" target=\"_blank\"> <div style=\" display: flex; flex-direction: row; align-items: center;\"> <div style=\"background-color: #F4F4F4; border-radius: 50%; flex-grow: 0; height: 40px; margin-right: 14px; width: 40px;\"><\/div> <div style=\"display: flex; flex-direction: column; flex-grow: 1; justify-content: center;\"> <div style=\" background-color: #F4F4F4; border-radius: 4px; flex-grow: 0; height: 14px; margin-bottom: 6px; width: 100px;\"><\/div> <div style=\" background-color: #F4F4F4; border-radius: 4px; flex-grow: 0; height: 14px; width: 60px;\"><\/div><\/div><\/div><div style=\"padding: 19% 0;\"><\/div> <div style=\"display:block; height:50px; margin:0 auto 12px; width:50px;\"><svg width=\"50px\" height=\"50px\" viewBox=\"0 0 60 60\" version=\"1.1\" xmlns=\"https:\/\/www.w3.org\/2000\/svg\" xmlns:xlink=\"https:\/\/www.w3.org\/1999\/xlink\"><g stroke=\"none\" stroke-width=\"1\" fill=\"none\" fill-rule=\"evenodd\"><g transform=\"translate(-511.000000, -20.000000)\" fill=\"#000000\"><g><path d=\"M556.869,30.41 C554.814,30.41 553.148,32.076 553.148,34.131 C553.148,36.186 554.814,37.852 556.869,37.852 C558.924,37.852 560.59,36.186 560.59,34.131 C560.59,32.076 558.924,30.41 556.869,30.41 M541,60.657 C535.114,60.657 530.342,55.887 530.342,50 C530.342,44.114 535.114,39.342 541,39.342 C546.887,39.342 551.658,44.114 551.658,50 C551.658,55.887 546.887,60.657 541,60.657 M541,33.886 C532.1,33.886 524.886,41.1 524.886,50 C524.886,58.899 532.1,66.113 541,66.113 C549.9,66.113 557.115,58.899 557.115,50 C557.115,41.1 549.9,33.886 541,33.886 M565.378,62.101 C565.244,65.022 564.756,66.606 564.346,67.663 C563.803,69.06 563.154,70.057 562.106,71.106 C561.058,72.155 560.06,72.803 558.662,73.347 C557.607,73.757 556.021,74.244 553.102,74.378 C549.944,74.521 548.997,74.552 541,74.552 C533.003,74.552 532.056,74.521 528.898,74.378 C525.979,74.244 524.393,73.757 523.338,73.347 C521.94,72.803 520.942,72.155 519.894,71.106 C518.846,70.057 518.197,69.06 517.654,67.663 C517.244,66.606 516.755,65.022 516.623,62.101 C516.479,58.943 516.448,57.996 516.448,50 C516.448,42.003 516.479,41.056 516.623,37.899 C516.755,34.978 517.244,33.391 517.654,32.338 C518.197,30.938 518.846,29.942 519.894,28.894 C520.942,27.846 521.94,27.196 523.338,26.654 C524.393,26.244 525.979,25.756 528.898,25.623 C532.057,25.479 533.004,25.448 541,25.448 C548.997,25.448 549.943,25.479 553.102,25.623 C556.021,25.756 557.607,26.244 558.662,26.654 C560.06,27.196 561.058,27.846 562.106,28.894 C563.154,29.942 563.803,30.938 564.346,32.338 C564.756,33.391 565.244,34.978 565.378,37.899 C565.522,41.056 565.552,42.003 565.552,50 C565.552,57.996 565.522,58.943 565.378,62.101 M570.82,37.631 C570.674,34.438 570.167,32.258 569.425,30.349 C568.659,28.377 567.633,26.702 565.965,25.035 C564.297,23.368 562.623,22.342 560.652,21.575 C558.743,20.834 556.562,20.326 553.369,20.18 C550.169,20.033 549.148,20 541,20 C532.853,20 531.831,20.033 528.631,20.18 C525.438,20.326 523.257,20.834 521.349,21.575 C519.376,22.342 517.703,23.368 516.035,25.035 C514.368,26.702 513.342,28.377 512.574,30.349 C511.834,32.258 511.326,34.438 511.181,37.631 C511.035,40.831 511,41.851 511,50 C511,58.147 511.035,59.17 511.181,62.369 C511.326,65.562 511.834,67.743 512.574,69.651 C513.342,71.625 514.368,73.296 516.035,74.965 C517.703,76.634 519.376,77.658 521.349,78.425 C523.257,79.167 525.438,79.673 528.631,79.82 C531.831,79.965 532.853,80.001 541,80.001 C549.148,80.001 550.169,79.965 553.369,79.82 C556.562,79.673 558.743,79.167 560.652,78.425 C562.623,77.658 564.297,76.634 565.965,74.965 C567.633,73.296 568.659,71.625 569.425,69.651 C570.167,67.743 570.674,65.562 570.82,62.369 C570.966,59.17 571,58.147 571,50 C571,41.851 570.966,40.831 570.82,37.631\"><\/path><\/g><\/g><\/g><\/svg><\/div><div style=\"padding-top: 8px;\"> <div style=\" color:#3897f0; font-family:Arial,sans-serif; font-size:14px; font-style:normal; font-weight:550; line-height:18px;\">Ver esta publica\u00e7\u00e3o no Instagram<\/div><\/div><div style=\"padding: 12.5% 0;\"><\/div> <div style=\"display: flex; flex-direction: row; margin-bottom: 14px; align-items: center;\"><div> <div style=\"background-color: #F4F4F4; border-radius: 50%; height: 12.5px; width: 12.5px; transform: translateX(0px) translateY(7px);\"><\/div> <div style=\"background-color: #F4F4F4; height: 12.5px; transform: rotate(-45deg) translateX(3px) translateY(1px); width: 12.5px; flex-grow: 0; margin-right: 14px; margin-left: 2px;\"><\/div> <div style=\"background-color: #F4F4F4; border-radius: 50%; height: 12.5px; width: 12.5px; transform: translateX(9px) translateY(-18px);\"><\/div><\/div><div style=\"margin-left: 8px;\"> <div style=\" background-color: #F4F4F4; border-radius: 50%; flex-grow: 0; height: 20px; width: 20px;\"><\/div> <div style=\" width: 0; height: 0; border-top: 2px solid transparent; border-left: 6px solid #f4f4f4; border-bottom: 2px solid transparent; transform: translateX(16px) translateY(-4px) rotate(30deg)\"><\/div><\/div><div style=\"margin-left: auto;\"> <div style=\" width: 0px; border-top: 8px solid #F4F4F4; border-right: 8px solid transparent; transform: translateY(16px);\"><\/div> <div style=\" background-color: #F4F4F4; flex-grow: 0; height: 12px; width: 16px; transform: translateY(-4px);\"><\/div> <div style=\" width: 0; height: 0; border-top: 8px solid #F4F4F4; border-left: 8px solid transparent; transform: translateY(-4px) translateX(8px);\"><\/div><\/div><\/div> <div style=\"display: flex; flex-direction: column; flex-grow: 1; justify-content: center; margin-bottom: 24px;\"> <div style=\" background-color: #F4F4F4; border-radius: 4px; flex-grow: 0; height: 14px; margin-bottom: 6px; width: 224px;\"><\/div> <div style=\" background-color: #F4F4F4; border-radius: 4px; flex-grow: 0; height: 14px; width: 144px;\"><\/div><\/div><\/a><p style=\" color:#c9c8cd; font-family:Arial,sans-serif; font-size:14px; line-height:17px; margin-bottom:0; margin-top:8px; overflow:hidden; padding:8px 0 7px; text-align:center; text-overflow:ellipsis; white-space:nowrap;\"><a href=\"https:\/\/www.instagram.com\/p\/DHsnNhbsVGn\/?utm_source=ig_embed&amp;utm_campaign=loading\" style=\" color:#c9c8cd; font-family:Arial,sans-serif; font-size:14px; font-style:normal; font-weight:normal; line-height:17px; text-decoration:none;\" target=\"_blank\">Uma publica\u00e7\u00e3o partilhada por Tom\u00e1s Cabreira (@agr_esc_tomas_cabreira)<\/a><\/p><\/div><\/blockquote>\n<script async src=\"\/\/www.instagram.com\/embed.js\"><\/script>\n\n\n\n<p><\/p>\n","protected":false},"excerpt":{"rendered":"<p>Nos dias 20 e 21 de mar\u00e7o, os alunos de Artes Visuais, das turmas 10\u00ba4 e 10\u00ba6 e dos 10\u00ba e 12\u00ba anos do curso art\u00edstico especializado de Design de Comunica\u00e7\u00e3o, acompanhados pelas professoras Ana Cristina Coelho,<\/p>\n","protected":false},"author":4,"featured_media":0,"comment_status":"closed","ping_status":"closed","sticky":false,"template":"","format":"standard","meta":{"footnotes":""},"categories":[43,32,24,20],"tags":[],"class_list":["post-8598","post","type-post","status-publish","format-standard","hentry","category-43","category-artes","category-historia","category-escolatomascabreira"],"gutentor_comment":0,"_links":{"self":[{"href":"https:\/\/agr-tc.pt\/wp\/index.php?rest_route=\/wp\/v2\/posts\/8598","targetHints":{"allow":["GET"]}}],"collection":[{"href":"https:\/\/agr-tc.pt\/wp\/index.php?rest_route=\/wp\/v2\/posts"}],"about":[{"href":"https:\/\/agr-tc.pt\/wp\/index.php?rest_route=\/wp\/v2\/types\/post"}],"author":[{"embeddable":true,"href":"https:\/\/agr-tc.pt\/wp\/index.php?rest_route=\/wp\/v2\/users\/4"}],"replies":[{"embeddable":true,"href":"https:\/\/agr-tc.pt\/wp\/index.php?rest_route=%2Fwp%2Fv2%2Fcomments&post=8598"}],"version-history":[{"count":4,"href":"https:\/\/agr-tc.pt\/wp\/index.php?rest_route=\/wp\/v2\/posts\/8598\/revisions"}],"predecessor-version":[{"id":8617,"href":"https:\/\/agr-tc.pt\/wp\/index.php?rest_route=\/wp\/v2\/posts\/8598\/revisions\/8617"}],"wp:attachment":[{"href":"https:\/\/agr-tc.pt\/wp\/index.php?rest_route=%2Fwp%2Fv2%2Fmedia&parent=8598"}],"wp:term":[{"taxonomy":"category","embeddable":true,"href":"https:\/\/agr-tc.pt\/wp\/index.php?rest_route=%2Fwp%2Fv2%2Fcategories&post=8598"},{"taxonomy":"post_tag","embeddable":true,"href":"https:\/\/agr-tc.pt\/wp\/index.php?rest_route=%2Fwp%2Fv2%2Ftags&post=8598"}],"curies":[{"name":"wp","href":"https:\/\/api.w.org\/{rel}","templated":true}]}}