{"id":8188,"date":"2025-03-03T11:18:42","date_gmt":"2025-03-03T11:18:42","guid":{"rendered":"https:\/\/agr-tc.pt\/wp\/?p=8188"},"modified":"2025-03-03T11:18:57","modified_gmt":"2025-03-03T11:18:57","slug":"exames-2025-folhetos-de-apoio-as-inscricoes-secundario","status":"publish","type":"post","link":"https:\/\/agr-tc.pt\/wp\/?p=8188","title":{"rendered":"Exames 2025 &#8211; Folhetos de apoio \u00e0s inscri\u00e7\u00f5es (secund\u00e1rio)"},"content":{"rendered":"\n<p class=\"has-medium-font-size\"><strong>Dois Folhetos \u2013 Cursos Cient\u00edfico-Human\u00edsticos e<br>                                 Cursos Profissionais + Cursos Art\u00edsticos Especializados (AEDC) + Recorrente (CCH)<\/strong><\/p>\n\n\n\n<div data-wp-interactive=\"core\/file\" class=\"wp-block-file\"><object data-wp-bind--hidden=\"!state.hasPdfPreview\" hidden class=\"wp-block-file__embed\" data=\"https:\/\/agr-tc.pt\/wp\/wp-content\/uploads\/2025\/03\/Folheto-Inscricoes-2025-Cursos-Cientifico-Humanisticos.pdf\" type=\"application\/pdf\" style=\"width:100%;height:1700px\" aria-label=\"Incorpora\u00e7\u00e3o de Folheto Inscri\u00e7\u00f5es 2025 - Cursos Cient\u00edfico-Human\u00edsticos.\"><\/object><a id=\"wp-block-file--media-ba38e401-efb8-4865-801c-ca1cb339a59d\" href=\"https:\/\/agr-tc.pt\/wp\/wp-content\/uploads\/2025\/03\/Folheto-Inscricoes-2025-Cursos-Cientifico-Humanisticos.pdf\">Folheto Inscri\u00e7\u00f5es 2025 &#8211; Cursos Cient\u00edfico-Human\u00edsticos<\/a><a href=\"https:\/\/agr-tc.pt\/wp\/wp-content\/uploads\/2025\/03\/Folheto-Inscricoes-2025-Cursos-Cientifico-Humanisticos.pdf\" class=\"wp-block-file__button wp-element-button\" download aria-describedby=\"wp-block-file--media-ba38e401-efb8-4865-801c-ca1cb339a59d\">Descarregar<\/a><\/div>\n\n\n\n<hr class=\"wp-block-separator has-alpha-channel-opacity\"\/>\n\n\n\n<div data-wp-interactive=\"core\/file\" class=\"wp-block-file\"><object data-wp-bind--hidden=\"!state.hasPdfPreview\" hidden class=\"wp-block-file__embed\" data=\"https:\/\/agr-tc.pt\/wp\/wp-content\/uploads\/2025\/03\/Folheto-Inscricoes-2025-Cursos-Artisticos-Especializados-Cursos-Cientifico-Humanisticos-do-Ensino-Recorrente-e-Cursos-Profissionais.pdf\" type=\"application\/pdf\" style=\"width:100%;height:1700px\" aria-label=\"Incorpora\u00e7\u00e3o de Folheto Inscri\u00e7\u00f5es 2025 - Cursos Art\u00edsticos Especializados, Cursos Cient\u00edfico-Human\u00edsticos do Ensino Recorrente e Cursos Profissionais.\"><\/object><a id=\"wp-block-file--media-f5f90e9c-f078-4c31-b7ce-066dd6e50f6c\" href=\"https:\/\/agr-tc.pt\/wp\/wp-content\/uploads\/2025\/03\/Folheto-Inscricoes-2025-Cursos-Artisticos-Especializados-Cursos-Cientifico-Humanisticos-do-Ensino-Recorrente-e-Cursos-Profissionais.pdf\">Folheto Inscri\u00e7\u00f5es 2025 &#8211; Cursos Art\u00edsticos Especializados, Cursos Cient\u00edfico-Human\u00edsticos do Ensino Recorrente e Cursos Profissionais<\/a><a href=\"https:\/\/agr-tc.pt\/wp\/wp-content\/uploads\/2025\/03\/Folheto-Inscricoes-2025-Cursos-Artisticos-Especializados-Cursos-Cientifico-Humanisticos-do-Ensino-Recorrente-e-Cursos-Profissionais.pdf\" class=\"wp-block-file__button wp-element-button\" download aria-describedby=\"wp-block-file--media-f5f90e9c-f078-4c31-b7ce-066dd6e50f6c\">Descarregar<\/a><\/div>\n\n\n\n<p><\/p>\n","protected":false},"excerpt":{"rendered":"<p>Exames 2025 &#8211; Folhetos de apoio \u00e0s inscri\u00e7\u00f5es (secund\u00e1rio)<br \/>\nDois Folhetos \u2013 Cursos Cient\u00edfico-Human\u00edsticos e  Cursos Profissionais + Cursos Art\u00edsticos Especializados (AEDC) + Recorrente (CCH)<\/p>\n","protected":false},"author":4,"featured_media":0,"comment_status":"closed","ping_status":"closed","sticky":false,"template":"","format":"standard","meta":{"footnotes":""},"categories":[43,54],"tags":[],"class_list":["post-8188","post","type-post","status-publish","format-standard","hentry","category-43","category-exames2025"],"gutentor_comment":0,"_links":{"self":[{"href":"https:\/\/agr-tc.pt\/wp\/index.php?rest_route=\/wp\/v2\/posts\/8188","targetHints":{"allow":["GET"]}}],"collection":[{"href":"https:\/\/agr-tc.pt\/wp\/index.php?rest_route=\/wp\/v2\/posts"}],"about":[{"href":"https:\/\/agr-tc.pt\/wp\/index.php?rest_route=\/wp\/v2\/types\/post"}],"author":[{"embeddable":true,"href":"https:\/\/agr-tc.pt\/wp\/index.php?rest_route=\/wp\/v2\/users\/4"}],"replies":[{"embeddable":true,"href":"https:\/\/agr-tc.pt\/wp\/index.php?rest_route=%2Fwp%2Fv2%2Fcomments&post=8188"}],"version-history":[{"count":2,"href":"https:\/\/agr-tc.pt\/wp\/index.php?rest_route=\/wp\/v2\/posts\/8188\/revisions"}],"predecessor-version":[{"id":8192,"href":"https:\/\/agr-tc.pt\/wp\/index.php?rest_route=\/wp\/v2\/posts\/8188\/revisions\/8192"}],"wp:attachment":[{"href":"https:\/\/agr-tc.pt\/wp\/index.php?rest_route=%2Fwp%2Fv2%2Fmedia&parent=8188"}],"wp:term":[{"taxonomy":"category","embeddable":true,"href":"https:\/\/agr-tc.pt\/wp\/index.php?rest_route=%2Fwp%2Fv2%2Fcategories&post=8188"},{"taxonomy":"post_tag","embeddable":true,"href":"https:\/\/agr-tc.pt\/wp\/index.php?rest_route=%2Fwp%2Fv2%2Ftags&post=8188"}],"curies":[{"name":"wp","href":"https:\/\/api.w.org\/{rel}","templated":true}]}}