{"id":7123,"date":"2023-09-11T22:53:00","date_gmt":"2023-09-11T22:53:00","guid":{"rendered":"https:\/\/agr-tc.pt\/wp\/?p=7123"},"modified":"2025-09-22T22:24:02","modified_gmt":"2025-09-22T22:24:02","slug":"departamentos-coordenadores-e-delegados-2023-2024","status":"publish","type":"post","link":"https:\/\/agr-tc.pt\/wp\/?p=7123","title":{"rendered":"Departamentos &#8211; Coordenadores e Delegados &#8211; 2023\/2024"},"content":{"rendered":"\n<p class=\"has-medium-font-size\"><strong><a href=\"https:\/\/agr-tc.pt\/wp\/?page_id=1184\" target=\"_blank\" rel=\"noreferrer noopener\">Hist\u00f3rico &#8211; P\u00e1gina atual aqui.<\/a><\/strong><\/p>\n\n\n\n<figure class=\"wp-block-table has-medium-font-size\"><table><tbody><tr><td><strong>Departamentos e Grupos &nbsp;<\/strong><\/td><td><strong>Coordenadores e Delegados<\/strong><\/td><\/tr><tr><td><strong>Departamento do Pr\u00e9-Escolar e 1.\u00ba Ciclo<\/strong><\/td><td>Ana Isabel Lopes Amaro<\/td><\/tr><tr><td>     100 &#8211; Educa\u00e7\u00e3o Pr\u00e9-Escolar<\/td><td>&nbsp;<\/td><\/tr><tr><td>     110 &#8211; 1\u00ba Ciclo do Ensino B\u00e1sico<\/td><td> Carlos Filipe Val Martins (Coord. Prof Titulares de turma).<\/td><\/tr><tr><td>120 &#8211; Ingl\u00eas (1\u00ba Ciclo do Ensino B\u00e1sico)<br><br> \u00a0<\/td><td>&nbsp;<\/td><\/tr><tr><td><strong>Departamento de Ci\u00eancias Experimentais&nbsp;<\/strong><\/td><td>Eduardo Augusto Vicente Silva<\/td><\/tr><tr><td>     510 &#8211; F\u00edsica e Qu\u00edmica<\/td><td>     Maria Salom\u00e9 Andrade Correia Sancho<\/td><\/tr><tr><td>     520 &#8211; Biologia e Geologia<\/td><td>Margarida Paula L. de Azevedo Barracha<\/td><\/tr><tr><td>     540 &#8211; Eletrotecnia e 530 &#8211; Educa\u00e7\u00e3o Tecnol\u00f3gica (Eletrotecnia)<\/td><td>     Eduardo Augusto Vicente Silva<\/td><\/tr><tr><td>550 \u2013 Inform\u00e1tica \u00a0<br><br><\/td><td>Hugo Duarte Diogo Virtuoso<br><br><\/td><\/tr><tr><td><strong>Departamento de Ci\u00eancias Sociais e Humanas<\/strong><\/td><td>Anabela Desterro Tavares<\/td><\/tr><tr><td>     200 &#8211; Portugu\u00eas e&nbsp; Hist\u00f3ria e Geografia de Portugal<\/td><td>&nbsp;<\/td><\/tr><tr><td>     290 &#8211; Educa\u00e7\u00e3o Moral e Religiosa Cat\u00f3lica<\/td><td>&nbsp;<\/td><\/tr><tr><td>     400 &#8211; Hist\u00f3ria<\/td><td>     Maria Vit\u00f3ria Raposo Rev\u00e9s<\/td><\/tr><tr><td>     410 &#8211; Filosofia<\/td><td>     Anabela Desterro Tavares<\/td><\/tr><tr><td>     420 &#8211; Geografia<\/td><td>     Maria Rog\u00e9lia Pereira Costa<\/td><\/tr><tr><td>430 &#8211; Economia e Contabilidade e 530 &#8211; Educa\u00e7\u00e3o Tecnol\u00f3gica (Secretariado) \u00a0<br><br><\/td><td>Helena Maria Alves Loureiro<br><br><\/td><\/tr><tr><td><strong>Departamento de Express\u00f5es&nbsp;<\/strong><\/td><td>Teresa Maria Jos\u00e9 Rodrigues Almeida&nbsp;<\/td><\/tr><tr><td>     240 &#8211; Educa\u00e7\u00e3o Visual<\/td><td>&nbsp;<\/td><\/tr><tr><td>     250 &#8211; Educa\u00e7\u00e3o Musical<\/td><td>&nbsp;<\/td><\/tr><tr><td>     260 e 620 &#8211; Educa\u00e7\u00e3o F\u00edsica<\/td><td>     Teresa Maria Jos\u00e9 Rodrigues Almeida&nbsp;<\/td><\/tr><tr><td>     600 &#8211; Artes Visuais<\/td><td>     Vivaldo Tiago Quintas Lu\u00eds<\/td><\/tr><tr><td>D03 &#8211; Dan\u00e7a Contempor\u00e2nea e 997 &#8211; T\u00e9cnico Especializado<br><br><\/td><td>Ana Filipa Rodrigues Antunes<br><br><\/td><\/tr><tr><td>Departamento de L\u00ednguas Estrangeiras<\/td><td>Paula Cristina Coelho Ferreira<\/td><\/tr><tr><td>     510 &#8211; Espanhol<\/td><td>     Paula Cristina Coelho Ferreira<\/td><\/tr><tr><td>     520 &#8211; Franc\u00eas<\/td><td>&nbsp;<\/td><\/tr><tr><td>550 &#8211; Ingl\u00eas e<br>220 &#8211; Portugu\u00eas e Ingl\u00eas<br><br><\/td><td>Maria Fernanda das Neves Domingos e<br>Liliana Bento Canada<br><br><\/td><\/tr><tr><td><strong>Departamento de Matem\u00e1tica<\/strong><\/td><td>Maria Manuela de Filomena Varela Martins<\/td><\/tr><tr><td>     500 &#8211; Matem\u00e1tica (ens. secund\u00e1rio)<\/td><td>In\u00eas Maria Baptista Polainas Nicau<\/td><\/tr><tr><td>500 &#8211; Matem\u00e1tica (ens. b\u00e1sico) e 230 &#8211; Matem\u00e1tica e Ci\u00eancias da Natureza \u00a0<br><br><\/td><td>Maria Manuela de Filomena Varela Martins<br><br><\/td><\/tr><tr><td><strong>Departamento de Portugu\u00eas<\/strong><\/td><td>Nat\u00e1lia Neves Machado Caboz<\/td><\/tr><tr><td>     300 &#8211; Portugu\u00eas (ens. secund\u00e1rio)<\/td><td>Maria B\u00e1rbara Salvador Rocha Lu\u00eds<\/td><\/tr><tr><td>300 &#8211; Portugu\u00eas (ens. b\u00e1sico) e 220 &#8211; Portugu\u00eas e Ingl\u00eas<br><br><\/td><td>Nat\u00e1lia Neves Machado Caboz<br><br><\/td><\/tr><\/tbody><\/table><\/figure>\n\n\n\n<p>Hist\u00f3rico<\/p>\n","protected":false},"excerpt":{"rendered":"<p>Hist\u00f3rico &#8211; P\u00e1gina atual aqui. Departamentos e Grupos &nbsp; Coordenadores e Delegados Departamento do Pr\u00e9-Escolar e 1.\u00ba Ciclo Ana Isabel Lopes Amaro 100 &#8211; Educa\u00e7\u00e3o Pr\u00e9-Escolar &nbsp; 110 &#8211; 1\u00ba Ciclo do Ensino B\u00e1sico Carlos Filipe Val Martins (Coord. Prof Titulares de turma). 120 &#8211; Ingl\u00eas (1\u00ba Ciclo do Ensino B\u00e1sico) \u00a0 &nbsp; Departamento de&hellip;<\/p>\n","protected":false},"author":4,"featured_media":0,"comment_status":"closed","ping_status":"closed","sticky":false,"template":"","format":"standard","meta":{"footnotes":""},"categories":[57],"tags":[],"class_list":["post-7123","post","type-post","status-publish","format-standard","hentry","category-instituicao"],"gutentor_comment":0,"_links":{"self":[{"href":"https:\/\/agr-tc.pt\/wp\/index.php?rest_route=\/wp\/v2\/posts\/7123","targetHints":{"allow":["GET"]}}],"collection":[{"href":"https:\/\/agr-tc.pt\/wp\/index.php?rest_route=\/wp\/v2\/posts"}],"about":[{"href":"https:\/\/agr-tc.pt\/wp\/index.php?rest_route=\/wp\/v2\/types\/post"}],"author":[{"embeddable":true,"href":"https:\/\/agr-tc.pt\/wp\/index.php?rest_route=\/wp\/v2\/users\/4"}],"replies":[{"embeddable":true,"href":"https:\/\/agr-tc.pt\/wp\/index.php?rest_route=%2Fwp%2Fv2%2Fcomments&post=7123"}],"version-history":[{"count":6,"href":"https:\/\/agr-tc.pt\/wp\/index.php?rest_route=\/wp\/v2\/posts\/7123\/revisions"}],"predecessor-version":[{"id":7150,"href":"https:\/\/agr-tc.pt\/wp\/index.php?rest_route=\/wp\/v2\/posts\/7123\/revisions\/7150"}],"wp:attachment":[{"href":"https:\/\/agr-tc.pt\/wp\/index.php?rest_route=%2Fwp%2Fv2%2Fmedia&parent=7123"}],"wp:term":[{"taxonomy":"category","embeddable":true,"href":"https:\/\/agr-tc.pt\/wp\/index.php?rest_route=%2Fwp%2Fv2%2Fcategories&post=7123"},{"taxonomy":"post_tag","embeddable":true,"href":"https:\/\/agr-tc.pt\/wp\/index.php?rest_route=%2Fwp%2Fv2%2Ftags&post=7123"}],"curies":[{"name":"wp","href":"https:\/\/api.w.org\/{rel}","templated":true}]}}