{"id":5763,"date":"2024-03-21T11:49:00","date_gmt":"2024-03-21T11:49:00","guid":{"rendered":"https:\/\/agr-tc.pt\/wp\/?p=5763"},"modified":"2024-04-21T12:02:20","modified_gmt":"2024-04-21T12:02:20","slug":"revista-digital-historia-a","status":"publish","type":"post","link":"https:\/\/agr-tc.pt\/wp\/?p=5763","title":{"rendered":"Revista Digital &#8211; Hist\u00f3ria A"},"content":{"rendered":"\n<p>As turmas 8, 9, 10 do Curso de L\u00ednguas e Humanidades do 11\u00ba ano encontram-se a desenvolver o projeto &#8220;Revista digital&#8221;&nbsp; na disciplina de&nbsp; Hist\u00f3ria A para&nbsp;&nbsp;sensibilizar a sociedade para a import\u00e2ncia da Hist\u00f3ria, consolidarem as suas aprendizagens e fomentar&nbsp;o gosto pela disciplina bem como desenvolverem compet\u00eancias digitais e de comunica\u00e7\u00e3o em Hist\u00f3ria. A Revista Digital est\u00e1 em permanente constru\u00e7\u00e3o \/ atualiza\u00e7\u00e3o pelo que se alerta para a possibilidade de exist\u00eancia de alguns erros das equipas de reda\u00e7\u00e3o que carecem de corre\u00e7\u00e3o.&nbsp;&nbsp;<\/p>\n\n\n\n<p>As edi\u00e7\u00f5es j\u00e1 publicadas deste RED (Recurso Educativo Digital) podem ser consultadas no arquivo (padlet )-\u00a0<a href=\"https:\/\/padlet.com\/mariacampos5\/a-hist-ria-em-revista-lwl1bvpkajxy5mhf\" target=\"_blank\" rel=\"noreferrer noopener\">&#8220;A Hist\u00f3ria Em Revista&#8221;<\/a><\/p>\n\n\n\n<div class=\"padlet-embed\" style=\"border:1px solid rgba(0,0,0,0.1);border-radius:2px;box-sizing:border-box;overflow:hidden;position:relative;width:100%;background:#F4F4F4\"><p style=\"padding:0;margin:0\"><iframe src=\"https:\/\/padlet.com\/embed\/lwl1bvpkajxy5mhf\" frameborder=\"0\" allow=\"camera;microphone;geolocation\" style=\"width:100%;height:608px;display:block;padding:0;margin:0\"><\/iframe><\/p><div style=\"display:flex;align-items:center;justify-content:end;margin:0;height:28px\"><a href=\"https:\/\/padlet.com?ref=embed\" style=\"display:block;flex-grow:0;margin:0;border:none;padding:0;text-decoration:none\" target=\"_blank\" rel=\"noopener\"><div style=\"display:flex;align-items:center;\"><img loading=\"lazy\" decoding=\"async\" src=\"https:\/\/padlet.net\/embeds\/made_with_padlet_2022.png\" width=\"114\" height=\"28\" style=\"padding:0;margin:0;background:0 0;border:none;box-shadow:none\" alt=\"Made with Padlet\"><\/div><\/a><\/div><\/div>\n","protected":false},"excerpt":{"rendered":"<p>As turmas 8, 9, 10 do Curso de L\u00ednguas e Humanidades do 11\u00ba ano encontram-se a desenvolver o projeto &#8220;Revista digital&#8221;&nbsp; na disciplina de&nbsp; Hist\u00f3ria A para&nbsp;&nbsp;sensibilizar a sociedade para a import\u00e2ncia da Hist\u00f3ria, consolidarem as suas aprendizagens e fomentar&nbsp;o gosto pela disciplina bem como desenvolverem compet\u00eancias digitais e de comunica\u00e7\u00e3o em Hist\u00f3ria. A Revista&hellip;<\/p>\n","protected":false},"author":4,"featured_media":5765,"comment_status":"closed","ping_status":"closed","sticky":false,"template":"","format":"standard","meta":{"footnotes":""},"categories":[43,24],"tags":[],"class_list":["post-5763","post","type-post","status-publish","format-standard","has-post-thumbnail","hentry","category-43","category-historia"],"gutentor_comment":0,"_links":{"self":[{"href":"https:\/\/agr-tc.pt\/wp\/index.php?rest_route=\/wp\/v2\/posts\/5763","targetHints":{"allow":["GET"]}}],"collection":[{"href":"https:\/\/agr-tc.pt\/wp\/index.php?rest_route=\/wp\/v2\/posts"}],"about":[{"href":"https:\/\/agr-tc.pt\/wp\/index.php?rest_route=\/wp\/v2\/types\/post"}],"author":[{"embeddable":true,"href":"https:\/\/agr-tc.pt\/wp\/index.php?rest_route=\/wp\/v2\/users\/4"}],"replies":[{"embeddable":true,"href":"https:\/\/agr-tc.pt\/wp\/index.php?rest_route=%2Fwp%2Fv2%2Fcomments&post=5763"}],"version-history":[{"count":4,"href":"https:\/\/agr-tc.pt\/wp\/index.php?rest_route=\/wp\/v2\/posts\/5763\/revisions"}],"predecessor-version":[{"id":5769,"href":"https:\/\/agr-tc.pt\/wp\/index.php?rest_route=\/wp\/v2\/posts\/5763\/revisions\/5769"}],"wp:featuredmedia":[{"embeddable":true,"href":"https:\/\/agr-tc.pt\/wp\/index.php?rest_route=\/wp\/v2\/media\/5765"}],"wp:attachment":[{"href":"https:\/\/agr-tc.pt\/wp\/index.php?rest_route=%2Fwp%2Fv2%2Fmedia&parent=5763"}],"wp:term":[{"taxonomy":"category","embeddable":true,"href":"https:\/\/agr-tc.pt\/wp\/index.php?rest_route=%2Fwp%2Fv2%2Fcategories&post=5763"},{"taxonomy":"post_tag","embeddable":true,"href":"https:\/\/agr-tc.pt\/wp\/index.php?rest_route=%2Fwp%2Fv2%2Ftags&post=5763"}],"curies":[{"name":"wp","href":"https:\/\/api.w.org\/{rel}","templated":true}]}}