{"id":5687,"date":"2024-04-17T15:39:53","date_gmt":"2024-04-17T15:39:53","guid":{"rendered":"https:\/\/agr-tc.pt\/wp\/?p=5687"},"modified":"2024-04-18T07:05:48","modified_gmt":"2024-04-18T07:05:48","slug":"familia-na-escola-bj-3b-caca-aos-ovos-na-alameda","status":"publish","type":"post","link":"https:\/\/agr-tc.pt\/wp\/?p=5687","title":{"rendered":"&#8220;Fam\u00edlia na Escola&#8221; &#8211; BJ 3B &#8211; Ca\u00e7a aos Ovos na Alameda"},"content":{"rendered":"\n<p><em>No \u00e2mbito do projeto &#8220;Fam\u00edlia na Escola&#8221;, encarregadas de educa\u00e7\u00e3o da turma BJ_3B, da escola do Bom Jo\u00e3o, organizaram e dinamizaram a atividade &#8220;Ca\u00e7a aos Ovos&#8221;, no dia 15 de mar\u00e7o, no Jardim da Alameda. Foi uma atividade muito divertida para os alunos que fomentou o companheirismo e esp\u00edrito de equipa. A professora e a turma agradecem\u00a0 \u00e0s encarregadas de educa\u00e7\u00e3o e familiares todo o trabalho realizado, empenho e dedica\u00e7\u00e3o para que a atividade se pudesse concretizar. O nosso muito obrigado!<\/em><\/p>\n\n\n\n<figure class=\"wp-block-video\"><video height=\"1080\" style=\"aspect-ratio: 1920 \/ 1080;\" width=\"1920\" controls src=\"https:\/\/agr-tc.pt\/wp\/wp-content\/uploads\/2024\/04\/Familia-na-Escola-Caca-aos-Ovos.mp4\"><\/video><\/figure>\n\n\n\n<iframe loading=\"lazy\" src=\"https:\/\/www.facebook.com\/plugins\/video.php?height=314&#038;href=https%3A%2F%2Fwww.facebook.com%2FAgr.Esc.Tomas.Cabreira.Faro%2Fvideos%2F961856648669604%2F&#038;show_text=false&#038;width=560&#038;t=0\" width=\"560\" height=\"314\" style=\"border:none;overflow:hidden\" scrolling=\"no\" frameborder=\"0\" allowfullscreen=\"true\" allow=\"autoplay; clipboard-write; encrypted-media; picture-in-picture; web-share\" allowFullScreen=\"true\"><\/iframe>\n","protected":false},"excerpt":{"rendered":"<p>No \u00e2mbito do projeto &#8220;Fam\u00edlia na Escola&#8221;, encarregadas de educa\u00e7\u00e3o da turma BJ_3B, da escola do Bom Jo\u00e3o, organizaram e dinamizaram a atividade &#8220;Ca\u00e7a aos Ovos&#8221;, no dia 15 de mar\u00e7o, no Jardim da Alameda. Foi uma atividade muito divertida para os alunos que fomentou o companheirismo e esp\u00edrito de equipa. A professora e a&hellip;<\/p>\n","protected":false},"author":4,"featured_media":5691,"comment_status":"closed","ping_status":"closed","sticky":false,"template":"","format":"standard","meta":{"footnotes":""},"categories":[43,11,18],"tags":[],"class_list":["post-5687","post","type-post","status-publish","format-standard","has-post-thumbnail","hentry","category-43","category-atividades","category-escola-bom-joao"],"gutentor_comment":0,"_links":{"self":[{"href":"https:\/\/agr-tc.pt\/wp\/index.php?rest_route=\/wp\/v2\/posts\/5687","targetHints":{"allow":["GET"]}}],"collection":[{"href":"https:\/\/agr-tc.pt\/wp\/index.php?rest_route=\/wp\/v2\/posts"}],"about":[{"href":"https:\/\/agr-tc.pt\/wp\/index.php?rest_route=\/wp\/v2\/types\/post"}],"author":[{"embeddable":true,"href":"https:\/\/agr-tc.pt\/wp\/index.php?rest_route=\/wp\/v2\/users\/4"}],"replies":[{"embeddable":true,"href":"https:\/\/agr-tc.pt\/wp\/index.php?rest_route=%2Fwp%2Fv2%2Fcomments&post=5687"}],"version-history":[{"count":3,"href":"https:\/\/agr-tc.pt\/wp\/index.php?rest_route=\/wp\/v2\/posts\/5687\/revisions"}],"predecessor-version":[{"id":5697,"href":"https:\/\/agr-tc.pt\/wp\/index.php?rest_route=\/wp\/v2\/posts\/5687\/revisions\/5697"}],"wp:featuredmedia":[{"embeddable":true,"href":"https:\/\/agr-tc.pt\/wp\/index.php?rest_route=\/wp\/v2\/media\/5691"}],"wp:attachment":[{"href":"https:\/\/agr-tc.pt\/wp\/index.php?rest_route=%2Fwp%2Fv2%2Fmedia&parent=5687"}],"wp:term":[{"taxonomy":"category","embeddable":true,"href":"https:\/\/agr-tc.pt\/wp\/index.php?rest_route=%2Fwp%2Fv2%2Fcategories&post=5687"},{"taxonomy":"post_tag","embeddable":true,"href":"https:\/\/agr-tc.pt\/wp\/index.php?rest_route=%2Fwp%2Fv2%2Ftags&post=5687"}],"curies":[{"name":"wp","href":"https:\/\/api.w.org\/{rel}","templated":true}]}}