{"id":5684,"date":"2024-04-17T15:40:25","date_gmt":"2024-04-17T15:40:25","guid":{"rendered":"https:\/\/agr-tc.pt\/wp\/?p=5684"},"modified":"2024-04-18T07:04:10","modified_gmt":"2024-04-18T07:04:10","slug":"cidadania-e-desenvolvimento-pre-escolar-1o-ciclo","status":"publish","type":"post","link":"https:\/\/agr-tc.pt\/wp\/?p=5684","title":{"rendered":"Cidadania e Desenvolvimento- Pr\u00e9-escolar\/1\u00ba ciclo"},"content":{"rendered":"\n<p>Divulgamos este Padlet desenvolvido no \u00e2mbito da Cidadania e Desenvolvimento que contar\u00e1 com not\u00edcias e fotografias das atividades realizadas.<\/p>\n\n\n\n<p><a href=\"https:\/\/padlet.com\/jacintaoliveira\/cidadania-e-desenvolvimento-pr-escolar-1-ciclo-5rlyitrva2gsgg4z\">https:\/\/padlet.com\/jacintaoliveira\/cidadania-e-desenvolvimento-pr-escolar-1-ciclo-5rlyitrva2gsgg4z<\/a><\/p>\n\n\n\n<iframe loading=\"lazy\" src=\"https:\/\/www.facebook.com\/plugins\/post.php?href=https%3A%2F%2Fwww.facebook.com%2FAgr.Esc.Tomas.Cabreira.Faro%2Fposts%2Fpfbid0HNGXQ3aD2pRi2XiEdCi3qmXxRk8roq9FvZ9fGNdGa1SoHeP9c9Ggsnh8ugfFVDYal&#038;show_text=true&#038;width=500\" width=\"500\" height=\"545\" style=\"border:none;overflow:hidden\" scrolling=\"no\" frameborder=\"0\" allowfullscreen=\"true\" allow=\"autoplay; clipboard-write; encrypted-media; picture-in-picture; web-share\"><\/iframe>\n","protected":false},"excerpt":{"rendered":"<p>Divulgamos este Padlet desenvolvido no \u00e2mbito da Cidadania e Desenvolvimento que contar\u00e1 com not\u00edcias e fotografias das atividades realizadas. https:\/\/padlet.com\/jacintaoliveira\/cidadania-e-desenvolvimento-pr-escolar-1-ciclo-5rlyitrva2gsgg4z<\/p>\n","protected":false},"author":4,"featured_media":5685,"comment_status":"closed","ping_status":"closed","sticky":false,"template":"","format":"standard","meta":{"footnotes":""},"categories":[43,11,18],"tags":[],"class_list":["post-5684","post","type-post","status-publish","format-standard","has-post-thumbnail","hentry","category-43","category-atividades","category-escola-bom-joao"],"gutentor_comment":0,"_links":{"self":[{"href":"https:\/\/agr-tc.pt\/wp\/index.php?rest_route=\/wp\/v2\/posts\/5684","targetHints":{"allow":["GET"]}}],"collection":[{"href":"https:\/\/agr-tc.pt\/wp\/index.php?rest_route=\/wp\/v2\/posts"}],"about":[{"href":"https:\/\/agr-tc.pt\/wp\/index.php?rest_route=\/wp\/v2\/types\/post"}],"author":[{"embeddable":true,"href":"https:\/\/agr-tc.pt\/wp\/index.php?rest_route=\/wp\/v2\/users\/4"}],"replies":[{"embeddable":true,"href":"https:\/\/agr-tc.pt\/wp\/index.php?rest_route=%2Fwp%2Fv2%2Fcomments&post=5684"}],"version-history":[{"count":3,"href":"https:\/\/agr-tc.pt\/wp\/index.php?rest_route=\/wp\/v2\/posts\/5684\/revisions"}],"predecessor-version":[{"id":5696,"href":"https:\/\/agr-tc.pt\/wp\/index.php?rest_route=\/wp\/v2\/posts\/5684\/revisions\/5696"}],"wp:featuredmedia":[{"embeddable":true,"href":"https:\/\/agr-tc.pt\/wp\/index.php?rest_route=\/wp\/v2\/media\/5685"}],"wp:attachment":[{"href":"https:\/\/agr-tc.pt\/wp\/index.php?rest_route=%2Fwp%2Fv2%2Fmedia&parent=5684"}],"wp:term":[{"taxonomy":"category","embeddable":true,"href":"https:\/\/agr-tc.pt\/wp\/index.php?rest_route=%2Fwp%2Fv2%2Fcategories&post=5684"},{"taxonomy":"post_tag","embeddable":true,"href":"https:\/\/agr-tc.pt\/wp\/index.php?rest_route=%2Fwp%2Fv2%2Ftags&post=5684"}],"curies":[{"name":"wp","href":"https:\/\/api.w.org\/{rel}","templated":true}]}}