{"id":4955,"date":"2023-12-12T20:48:00","date_gmt":"2023-12-12T20:48:00","guid":{"rendered":"https:\/\/agr-tc.pt\/wp\/?p=4955"},"modified":"2024-06-05T19:48:35","modified_gmt":"2024-06-05T19:48:35","slug":"programacao-e-iluminacao-de-natal-2023","status":"publish","type":"post","link":"https:\/\/agr-tc.pt\/wp\/?p=4955","title":{"rendered":"Programa\u00e7\u00e3o e Ilumina\u00e7\u00e3o de Natal &#8211; 2023"},"content":{"rendered":"\n<p class=\"has-medium-font-size\"><strong>Ilumina\u00e7\u00e3o da \u00c1rvore de Natal &#8211; Um Brilho Especial na Nossa Escola<\/strong><\/p>\n\n\n\n<p>\ud83c\udf1f\u2728 No dia 12\/12\/2023, a ilumina\u00e7\u00e3o de Natal foi oficialmente inaugurada, iluminando n\u00e3o apenas a escola, mas tamb\u00e9m os cora\u00e7\u00f5es de todos na comunidade. \u2728\ud83c\udf1f<br>Os alunos dos cursos de Programador\/a de Inform\u00e1tica e de Instala\u00e7\u00e3o e Manuten\u00e7\u00e3o de Equipamentos Inform\u00e1ticos sob orienta\u00e7\u00e3o da professora Carla Granadeiro mergulharam no esp\u00edrito natal\u00edcio, trazendo luz e criatividade para a nossa escola!<br>Desde a conce\u00e7\u00e3o at\u00e9 \u00e0 inaugura\u00e7\u00e3o, cada aluno desempenhou um papel crucial na cria\u00e7\u00e3o das deslumbrantes luzes de Natal que agora decoram a nossa portaria.<br>O processo come\u00e7ou com a soldadura dos componentes como leds, resist\u00eancias e cabos de rede, uma tarefa meticulosa que exigiu precis\u00e3o e destreza.<br>Com os componentes cuidadosamente unidos, os alunos avan\u00e7aram para a fase de isolamento dos cabos, garantindo n\u00e3o apenas a seguran\u00e7a, mas tamb\u00e9m a sua durabilidade.<br>Em seguida ligaram \u00e0s portas de 3 Ardu\u00ednos e transformando simples materiais em obras de arte luminosas com a programa\u00e7\u00e3o, onde cada aluno deu asas \u00e0 sua imagina\u00e7\u00e3o para criar sequ\u00eancias de ilumina\u00e7\u00e3o \u00fanicas e surpreendentes.<br>E como tradi\u00e7\u00e3o \u00e9 tradi\u00e7\u00e3o, a professora proporcionou um toque caseiro e doce \u00e0 celebra\u00e7\u00e3o, oferecendo bolachinhas de Natal feitas com carinho. Um gesto que aqueceu ainda mais o ambiente festivo.<br>Que a esperan\u00e7a e a magia desta \u00e9poca se estendam por todo o pr\u00f3ximo ano.<br><br>Feliz Natal e um excelente Ano Novo de 2024!!! \ud83c\udf84\ud83c\udf1f<\/p>\n\n\n\n<figure class=\"wp-block-gallery has-nested-images columns-default is-cropped wp-block-gallery-1 is-layout-flex wp-block-gallery-is-layout-flex\">\n<figure class=\"wp-block-image size-large\"><img loading=\"lazy\" decoding=\"async\" width=\"1024\" height=\"1024\" data-id=\"6619\" src=\"https:\/\/agr-tc.pt\/wp\/wp-content\/uploads\/2024\/06\/image001-1-1024x1024.jpg\" alt=\"\" class=\"wp-image-6619\" srcset=\"https:\/\/agr-tc.pt\/wp\/wp-content\/uploads\/2024\/06\/image001-1-1024x1024.jpg 1024w, https:\/\/agr-tc.pt\/wp\/wp-content\/uploads\/2024\/06\/image001-1-300x300.jpg 300w, https:\/\/agr-tc.pt\/wp\/wp-content\/uploads\/2024\/06\/image001-1-150x150.jpg 150w\" sizes=\"auto, (max-width: 1024px) 100vw, 1024px\" \/><\/figure>\n\n\n\n<figure class=\"wp-block-image size-large\"><img loading=\"lazy\" decoding=\"async\" width=\"605\" height=\"1024\" data-id=\"6620\" src=\"https:\/\/agr-tc.pt\/wp\/wp-content\/uploads\/2024\/06\/image003-1-605x1024.jpg\" alt=\"\" class=\"wp-image-6620\"\/><\/figure>\n<\/figure>\n\n\n<div class=\"wp-block-image\">\n<figure class=\"aligncenter size-large\"><img loading=\"lazy\" decoding=\"async\" width=\"1024\" height=\"900\" src=\"https:\/\/agr-tc.pt\/wp\/wp-content\/uploads\/2024\/01\/prognatal2-1024x900.jpg\" alt=\"\" class=\"wp-image-4958\"\/><\/figure>\n<\/div>\n\n<div class=\"wp-block-image\">\n<figure class=\"aligncenter size-full is-resized\"><img loading=\"lazy\" decoding=\"async\" width=\"1200\" height=\"900\" src=\"https:\/\/agr-tc.pt\/wp\/wp-content\/uploads\/2024\/01\/prognatal3.jpg\" alt=\"\" class=\"wp-image-4959\" style=\"width:1024px\" srcset=\"https:\/\/agr-tc.pt\/wp\/wp-content\/uploads\/2024\/01\/prognatal3.jpg 1200w, https:\/\/agr-tc.pt\/wp\/wp-content\/uploads\/2024\/01\/prognatal3-768x576.jpg 768w\" sizes=\"auto, (max-width: 1200px) 100vw, 1200px\" \/><\/figure>\n<\/div>\n\n\n<figure class=\"wp-block-gallery has-nested-images columns-default is-cropped wp-block-gallery-2 is-layout-flex wp-block-gallery-is-layout-flex\">\n<figure class=\"wp-block-image size-full\"><img loading=\"lazy\" decoding=\"async\" width=\"1200\" height=\"900\" data-id=\"6615\" src=\"https:\/\/agr-tc.pt\/wp\/wp-content\/uploads\/2024\/06\/natal2023arvore1.jpg\" alt=\"\" class=\"wp-image-6615\" srcset=\"https:\/\/agr-tc.pt\/wp\/wp-content\/uploads\/2024\/06\/natal2023arvore1.jpg 1200w, https:\/\/agr-tc.pt\/wp\/wp-content\/uploads\/2024\/06\/natal2023arvore1-768x576.jpg 768w\" sizes=\"auto, (max-width: 1200px) 100vw, 1200px\" \/><\/figure>\n<\/figure>\n\n\n\n<hr class=\"wp-block-separator has-alpha-channel-opacity\"\/>\n\n\n\n<p><strong>Not\u00edcia preparada para a &#8220;Galinha Sultana&#8221; (newsletter do Centro de Forma\u00e7\u00e3o de Faro) de junho de 2024:<\/strong><\/p>\n\n\n<div class=\"wp-block-image\">\n<figure class=\"aligncenter size-full is-resized\"><img loading=\"lazy\" decoding=\"async\" width=\"1184\" height=\"560\" src=\"https:\/\/agr-tc.pt\/wp\/wp-content\/uploads\/2024\/06\/natal2023sultanade2024jun.jpg\" alt=\"\" class=\"wp-image-6623\" style=\"width:1024px\" srcset=\"https:\/\/agr-tc.pt\/wp\/wp-content\/uploads\/2024\/06\/natal2023sultanade2024jun.jpg 1184w, https:\/\/agr-tc.pt\/wp\/wp-content\/uploads\/2024\/06\/natal2023sultanade2024jun-768x363.jpg 768w\" sizes=\"auto, (max-width: 1184px) 100vw, 1184px\" \/><\/figure>\n<\/div>","protected":false},"excerpt":{"rendered":"<p>No dia 12\/12\/2023, a ilumina\u00e7\u00e3o de Natal foi oficialmente inaugurada, iluminando n\u00e3o apenas a escola, mas tamb\u00e9m os cora\u00e7\u00f5es de todos na na comunidade<\/p>\n","protected":false},"author":4,"featured_media":6608,"comment_status":"closed","ping_status":"closed","sticky":false,"template":"","format":"standard","meta":{"footnotes":""},"categories":[43,15,26,20],"tags":[],"class_list":["post-4955","post","type-post","status-publish","format-standard","has-post-thumbnail","hentry","category-43","category-bibliotecas","category-ciencia","category-escolatomascabreira"],"gutentor_comment":0,"_links":{"self":[{"href":"https:\/\/agr-tc.pt\/wp\/index.php?rest_route=\/wp\/v2\/posts\/4955","targetHints":{"allow":["GET"]}}],"collection":[{"href":"https:\/\/agr-tc.pt\/wp\/index.php?rest_route=\/wp\/v2\/posts"}],"about":[{"href":"https:\/\/agr-tc.pt\/wp\/index.php?rest_route=\/wp\/v2\/types\/post"}],"author":[{"embeddable":true,"href":"https:\/\/agr-tc.pt\/wp\/index.php?rest_route=\/wp\/v2\/users\/4"}],"replies":[{"embeddable":true,"href":"https:\/\/agr-tc.pt\/wp\/index.php?rest_route=%2Fwp%2Fv2%2Fcomments&post=4955"}],"version-history":[{"count":8,"href":"https:\/\/agr-tc.pt\/wp\/index.php?rest_route=\/wp\/v2\/posts\/4955\/revisions"}],"predecessor-version":[{"id":6629,"href":"https:\/\/agr-tc.pt\/wp\/index.php?rest_route=\/wp\/v2\/posts\/4955\/revisions\/6629"}],"wp:featuredmedia":[{"embeddable":true,"href":"https:\/\/agr-tc.pt\/wp\/index.php?rest_route=\/wp\/v2\/media\/6608"}],"wp:attachment":[{"href":"https:\/\/agr-tc.pt\/wp\/index.php?rest_route=%2Fwp%2Fv2%2Fmedia&parent=4955"}],"wp:term":[{"taxonomy":"category","embeddable":true,"href":"https:\/\/agr-tc.pt\/wp\/index.php?rest_route=%2Fwp%2Fv2%2Fcategories&post=4955"},{"taxonomy":"post_tag","embeddable":true,"href":"https:\/\/agr-tc.pt\/wp\/index.php?rest_route=%2Fwp%2Fv2%2Ftags&post=4955"}],"curies":[{"name":"wp","href":"https:\/\/api.w.org\/{rel}","templated":true}]}}