{"id":4952,"date":"2023-12-13T20:37:00","date_gmt":"2023-12-13T20:37:00","guid":{"rendered":"https:\/\/agr-tc.pt\/wp\/?p=4952"},"modified":"2024-01-21T23:30:39","modified_gmt":"2024-01-21T23:30:39","slug":"apeejm-com-o-ativa-te-cidadania","status":"publish","type":"post","link":"https:\/\/agr-tc.pt\/wp\/?p=4952","title":{"rendered":"APEEJM com o Ativa-te #Cidadania."},"content":{"rendered":"\n<p>Angaria\u00e7\u00e3o de Bens pela APEEJM no \u00e2mbito do Projeto de Cidadania e Desenvolvimento, Ativa-te #Cidadania.<\/p>\n\n\n\n<p>&#8220;Os pais e m\u00e3es dos \u00f3rg\u00e3os eleitos pela APEEJM para o bi\u00e9nio 2022\/24, decidiram dar o exemplo como cidad\u00e3os e cidad\u00e3s (atrav\u00e9s de donativos angariados entre os pr\u00f3prios) e participaram, no seu conjunto, na iniciativa de angaria\u00e7\u00e3o de bens organizada pela nossa Escola no \u00e2mbito do Projeto de Cidadania e Desenvolvimento, Ativa-te <a href=\"https:\/\/www.facebook.com\/hashtag\/cidadania?__eep__=6&amp;__cft__[0]=AZVELw7wYltnr5_9jXyJilTL4RPX-8Ff-xNLLK9s8CxkfsKFrRdxAzGCMbj_Ms7K-MwFcDgl9cYRC5Ih02CziSjc15tNK7kWbwm-qrnem518aihNOtlIP-YY-S74myplP04zlPtnQ4t7f37nUPn5p3292qYzC_avILd0Ky7_BGbW3w&amp;__tn__=*NK-R\">#Cidadania<\/a>, que reverte a favor das fam\u00edlias do concelho apoiadas pela Par\u00f3quia de S. Pedro.<\/p>\n\n\n\n<p>No dia de ontem foi entregue um cabaz, com v\u00e1rios bens (produtos alimentares destinados a adultos, crian\u00e7as, jovens e beb\u00e9s e produtos de higiene pessoal). Consideramos que atrav\u00e9s dos nossos atos damos o exemplo aos nossos filhos e filhas. Este Natal, al\u00e9m de sa\u00fade, amor e prosperidade, desejamos que mais encarregados de educa\u00e7\u00e3o se envolvam ativamente e de forma positiva e construtiva nas atividades da comunidade escolar e em prol do bem comum! Em conjunto estamos a educar futuros adultos e juntos somos mais fortes. Se quiserem conhecer-nos consultem <a href=\"https:\/\/drive.google.com\/file\/d\/17z1bxYWFsby2p2P0kw4oMTbI32r-eQVD\/view?usp=sharing&amp;fbclid=IwAR2ffjahZurulmVv_Hi7FDxNVpUKNPIFtjd8ogutLg8VEhCnXN_poq6bS_A\" rel=\"noreferrer noopener\" target=\"_blank\">https:\/\/drive.google.com\/&#8230;\/17z1bxYWFsby2p2P0kw4&#8230;\/view&#8230;<\/a>. Contribuam tamb\u00e9m! Com pouco, podemos sempre fazer diferen\u00e7a na vida de algu\u00e9m. Podem seguir toda a atividade e informa\u00e7\u00e3o em: <a href=\"https:\/\/www.facebook.com\/joaquimmagalhaesapee?__cft__[0]=AZVELw7wYltnr5_9jXyJilTL4RPX-8Ff-xNLLK9s8CxkfsKFrRdxAzGCMbj_Ms7K-MwFcDgl9cYRC5Ih02CziSjc15tNK7kWbwm-qrnem518aihNOtlIP-YY-S74myplP04zlPtnQ4t7f37nUPn5p3292qYzC_avILd0Ky7_BGbW3w&amp;__tn__=-]K-R\">https:\/\/www.facebook.com\/joaquimmagalhaesapee<\/a><\/p>\n\n\n\n<p>Pela APEEJM, Votos de um Santo Natal para todas as fam\u00edlias&#8221;.<\/p>\n\n\n\n<iframe loading=\"lazy\" src=\"https:\/\/www.facebook.com\/plugins\/post.php?href=https%3A%2F%2Fwww.facebook.com%2FAgr.Esc.Tomas.Cabreira.Faro%2Fposts%2Fpfbid02pfwoQ1UevPWjw4S2Xr1pUZu4eh8uJxdWYrvfZ149S5NgGrh14a3851hkTtGEpgqwl&#038;show_text=true&#038;width=500\" width=\"500\" height=\"786\" style=\"border:none;overflow:hidden\" scrolling=\"no\" frameborder=\"0\" allowfullscreen=\"true\" allow=\"autoplay; clipboard-write; encrypted-media; picture-in-picture; web-share\"><\/iframe>\n","protected":false},"excerpt":{"rendered":"<p>Angaria\u00e7\u00e3o de Bens pela APEEJM no \u00e2mbito do Projeto de Cidadania e Desenvolvimento, Ativa-te #Cidadania. \u201cOs pais e m\u00e3es dos \u00f3rg\u00e3os eleitos pela APEEJM para <\/p>\n","protected":false},"author":4,"featured_media":4953,"comment_status":"closed","ping_status":"closed","sticky":false,"template":"","format":"standard","meta":{"footnotes":""},"categories":[43,25,19],"tags":[],"class_list":["post-4952","post","type-post","status-publish","format-standard","has-post-thumbnail","hentry","category-43","category-cidadania","category-escolajoaquimmagalhaes"],"gutentor_comment":0,"_links":{"self":[{"href":"https:\/\/agr-tc.pt\/wp\/index.php?rest_route=\/wp\/v2\/posts\/4952","targetHints":{"allow":["GET"]}}],"collection":[{"href":"https:\/\/agr-tc.pt\/wp\/index.php?rest_route=\/wp\/v2\/posts"}],"about":[{"href":"https:\/\/agr-tc.pt\/wp\/index.php?rest_route=\/wp\/v2\/types\/post"}],"author":[{"embeddable":true,"href":"https:\/\/agr-tc.pt\/wp\/index.php?rest_route=\/wp\/v2\/users\/4"}],"replies":[{"embeddable":true,"href":"https:\/\/agr-tc.pt\/wp\/index.php?rest_route=%2Fwp%2Fv2%2Fcomments&post=4952"}],"version-history":[{"count":2,"href":"https:\/\/agr-tc.pt\/wp\/index.php?rest_route=\/wp\/v2\/posts\/4952\/revisions"}],"predecessor-version":[{"id":4992,"href":"https:\/\/agr-tc.pt\/wp\/index.php?rest_route=\/wp\/v2\/posts\/4952\/revisions\/4992"}],"wp:featuredmedia":[{"embeddable":true,"href":"https:\/\/agr-tc.pt\/wp\/index.php?rest_route=\/wp\/v2\/media\/4953"}],"wp:attachment":[{"href":"https:\/\/agr-tc.pt\/wp\/index.php?rest_route=%2Fwp%2Fv2%2Fmedia&parent=4952"}],"wp:term":[{"taxonomy":"category","embeddable":true,"href":"https:\/\/agr-tc.pt\/wp\/index.php?rest_route=%2Fwp%2Fv2%2Fcategories&post=4952"},{"taxonomy":"post_tag","embeddable":true,"href":"https:\/\/agr-tc.pt\/wp\/index.php?rest_route=%2Fwp%2Fv2%2Ftags&post=4952"}],"curies":[{"name":"wp","href":"https:\/\/api.w.org\/{rel}","templated":true}]}}