{"id":4946,"date":"2023-12-13T20:27:00","date_gmt":"2023-12-13T20:27:00","guid":{"rendered":"https:\/\/agr-tc.pt\/wp\/?p=4946"},"modified":"2024-01-21T23:31:03","modified_gmt":"2024-01-21T23:31:03","slug":"pinata-na-escola","status":"publish","type":"post","link":"https:\/\/agr-tc.pt\/wp\/?p=4946","title":{"rendered":"Pi\u00f1ata na Escola"},"content":{"rendered":"\n<p>No \u00e2mbito do projeto \u201cFam\u00edlia na Escola\u201d, a turma BJ_3B, da professora Paula Luz, recebeu, com muito gosto, os pais do M\u00e1ximo, que s\u00e3o de nacionalidade mexicana. A atividade teve como objetivo dar a conhecer algumas tradi\u00e7\u00f5es de Natal, da Am\u00e9rica do Norte, nomeadamente a decora\u00e7\u00e3o de bolachas de gengibre e a quebra da Pi\u00f1ata, sendo a \u00faltima tamb\u00e9m muito utilizada para comemorar anivers\u00e1rios.<\/p>\n\n\n\n<p>Em primeiro lugar, decoraram-se as bolachas de gengibre com glac\u00e9 e <a><\/a>pepitas coloridas. Seguidamente, a m\u00e3e do M\u00e1ximo explicou o que era uma Pi\u00f1ata e o seu significado. Por fim, os alunos foram para o exterior quebrar a Pi\u00f1ata e apanhar muitos doces. Foi uma atividade muito divertida!<\/p>\n\n\n<div class=\"wp-block-image\">\n<figure class=\"aligncenter size-full\"><img loading=\"lazy\" decoding=\"async\" width=\"600\" height=\"800\" src=\"https:\/\/agr-tc.pt\/wp\/wp-content\/uploads\/2024\/01\/pin1.jpg\" alt=\"\" class=\"wp-image-4948\"\/><\/figure>\n<\/div>\n\n<div class=\"wp-block-image\">\n<figure class=\"aligncenter size-full is-resized\"><img loading=\"lazy\" decoding=\"async\" width=\"600\" height=\"800\" src=\"https:\/\/agr-tc.pt\/wp\/wp-content\/uploads\/2024\/01\/pin2.jpg\" alt=\"\" class=\"wp-image-4949\" style=\"width:600px;height:auto\"\/><\/figure>\n<\/div>\n\n<div class=\"wp-block-image\">\n<figure class=\"aligncenter size-full\"><img loading=\"lazy\" decoding=\"async\" width=\"600\" height=\"800\" src=\"https:\/\/agr-tc.pt\/wp\/wp-content\/uploads\/2024\/01\/pin3.jpg\" alt=\"\" class=\"wp-image-4950\"\/><\/figure>\n<\/div>\n\n\n<iframe loading=\"lazy\" src=\"https:\/\/www.facebook.com\/plugins\/post.php?href=https%3A%2F%2Fwww.facebook.com%2FAgr.Esc.Tomas.Cabreira.Faro%2Fposts%2Fpfbid0FkdHHzM1fgb93WtgEN5dGEDBJVJRb45SabRnpJ74F15bwExrVpKpnUaFBYDvY2rul&#038;show_text=true&#038;width=500\" width=\"500\" height=\"761\" style=\"border:none;overflow:hidden\" scrolling=\"no\" frameborder=\"0\" allowfullscreen=\"true\" allow=\"autoplay; clipboard-write; encrypted-media; picture-in-picture; web-share\"><\/iframe>\n","protected":false},"excerpt":{"rendered":"<p>No \u00e2mbito do projeto \u201cFam\u00edlia na Escola\u201d, a turma BJ_3B, da professora Paula Luz, recebeu, com muito gosto, os pais do M\u00e1ximo, que s\u00e3o de nacionalidade mexicana. A atividade teve como objetivo dar a conhecer algumas<\/p>\n","protected":false},"author":4,"featured_media":4947,"comment_status":"closed","ping_status":"closed","sticky":false,"template":"","format":"standard","meta":{"footnotes":""},"categories":[43,18],"tags":[],"class_list":["post-4946","post","type-post","status-publish","format-standard","has-post-thumbnail","hentry","category-43","category-escola-bom-joao"],"gutentor_comment":0,"_links":{"self":[{"href":"https:\/\/agr-tc.pt\/wp\/index.php?rest_route=\/wp\/v2\/posts\/4946","targetHints":{"allow":["GET"]}}],"collection":[{"href":"https:\/\/agr-tc.pt\/wp\/index.php?rest_route=\/wp\/v2\/posts"}],"about":[{"href":"https:\/\/agr-tc.pt\/wp\/index.php?rest_route=\/wp\/v2\/types\/post"}],"author":[{"embeddable":true,"href":"https:\/\/agr-tc.pt\/wp\/index.php?rest_route=\/wp\/v2\/users\/4"}],"replies":[{"embeddable":true,"href":"https:\/\/agr-tc.pt\/wp\/index.php?rest_route=%2Fwp%2Fv2%2Fcomments&post=4946"}],"version-history":[{"count":2,"href":"https:\/\/agr-tc.pt\/wp\/index.php?rest_route=\/wp\/v2\/posts\/4946\/revisions"}],"predecessor-version":[{"id":4993,"href":"https:\/\/agr-tc.pt\/wp\/index.php?rest_route=\/wp\/v2\/posts\/4946\/revisions\/4993"}],"wp:featuredmedia":[{"embeddable":true,"href":"https:\/\/agr-tc.pt\/wp\/index.php?rest_route=\/wp\/v2\/media\/4947"}],"wp:attachment":[{"href":"https:\/\/agr-tc.pt\/wp\/index.php?rest_route=%2Fwp%2Fv2%2Fmedia&parent=4946"}],"wp:term":[{"taxonomy":"category","embeddable":true,"href":"https:\/\/agr-tc.pt\/wp\/index.php?rest_route=%2Fwp%2Fv2%2Fcategories&post=4946"},{"taxonomy":"post_tag","embeddable":true,"href":"https:\/\/agr-tc.pt\/wp\/index.php?rest_route=%2Fwp%2Fv2%2Ftags&post=4946"}],"curies":[{"name":"wp","href":"https:\/\/api.w.org\/{rel}","templated":true}]}}