{"id":4941,"date":"2023-12-13T20:11:00","date_gmt":"2023-12-13T20:11:00","guid":{"rendered":"https:\/\/agr-tc.pt\/wp\/?p=4941"},"modified":"2024-01-21T23:31:27","modified_gmt":"2024-01-21T23:31:27","slug":"thanksgiving-day-1-o-ciclo-bj-e-sl","status":"publish","type":"post","link":"https:\/\/agr-tc.pt\/wp\/?p=4941","title":{"rendered":"Thanksgiving Day -1.\u00ba Ciclo &#8211; BJ  e SL"},"content":{"rendered":"\n<p>Neste ano letivo, as professoras de Ingl\u00eas do 1\u00ba ciclo celebraram junto dos seus alunos um dos feriados mais importantes dos Estados Unidos da Am\u00e9rica: Thanksgiving Day. Esta festividade \u00e9 comemorada na quarta quinta-feira do m\u00eas de novembro e este ano celebrou-se no dia 23 de novembro.<\/p>\n\n\n\n<p>Assim, nas aulas de Ingl\u00eas, os alunos tiveram a oportunidade de conhecer a hist\u00f3ria da origem do Thanksgiving, as tradi\u00e7\u00f5es associadas a esta festividade e foram convidados a refletir sobre o <a><\/a>que t\u00eam de bom na vida. Depois elaboraram um Thankful Turkey, e nas suas penas, escreveram e desenharam pequenas mensagens expressando a sua gratid\u00e3o por terem fam\u00edlia, um lar, sa\u00fade, comida, etc. I\u2019m thankful for my family, home, health, food, etc.<\/p>\n\n\n\n<p>Foi uma boa reflex\u00e3o! Simple, but meaningful! And how about you? What are you thankful for?<\/p>\n\n\n<div class=\"wp-block-image\">\n<figure class=\"aligncenter size-large\"><img loading=\"lazy\" decoding=\"async\" width=\"1024\" height=\"1024\" src=\"https:\/\/agr-tc.pt\/wp\/wp-content\/uploads\/2024\/01\/thanksgiving-2023-1024x1024.jpg\" alt=\"\" class=\"wp-image-4944\" srcset=\"https:\/\/agr-tc.pt\/wp\/wp-content\/uploads\/2024\/01\/thanksgiving-2023-1024x1024.jpg 1024w, https:\/\/agr-tc.pt\/wp\/wp-content\/uploads\/2024\/01\/thanksgiving-2023-300x300.jpg 300w, https:\/\/agr-tc.pt\/wp\/wp-content\/uploads\/2024\/01\/thanksgiving-2023-150x150.jpg 150w\" sizes=\"auto, (max-width: 1024px) 100vw, 1024px\" \/><\/figure>\n<\/div>\n\n\n<iframe loading=\"lazy\" src=\"https:\/\/www.facebook.com\/plugins\/post.php?href=https%3A%2F%2Fwww.facebook.com%2FAgr.Esc.Tomas.Cabreira.Faro%2Fposts%2Fpfbid0so8GwTUvWquYYGmWeR6ZT5F5ZES7uhvPDDq4oxxcV1WmAivNdYZ2za8JDXtDATDyl&#038;show_text=true&#038;width=500\" width=\"500\" height=\"816\" style=\"border:none;overflow:hidden\" scrolling=\"no\" frameborder=\"0\" allowfullscreen=\"true\" allow=\"autoplay; clipboard-write; encrypted-media; picture-in-picture; web-share\"><\/iframe>\n","protected":false},"excerpt":{"rendered":"<p>Neste ano letivo, as professoras de Ingl\u00eas do 1\u00ba ciclo celebraram junto dos seus alunos um dos feriados mais importantes dos Estados Unidos da Am\u00e9rica:<\/p>\n","protected":false},"author":4,"featured_media":4942,"comment_status":"closed","ping_status":"closed","sticky":false,"template":"","format":"standard","meta":{"footnotes":""},"categories":[43,18,17],"tags":[],"class_list":["post-4941","post","type-post","status-publish","format-standard","has-post-thumbnail","hentry","category-43","category-escola-bom-joao","category-escola-s-luis"],"gutentor_comment":0,"_links":{"self":[{"href":"https:\/\/agr-tc.pt\/wp\/index.php?rest_route=\/wp\/v2\/posts\/4941","targetHints":{"allow":["GET"]}}],"collection":[{"href":"https:\/\/agr-tc.pt\/wp\/index.php?rest_route=\/wp\/v2\/posts"}],"about":[{"href":"https:\/\/agr-tc.pt\/wp\/index.php?rest_route=\/wp\/v2\/types\/post"}],"author":[{"embeddable":true,"href":"https:\/\/agr-tc.pt\/wp\/index.php?rest_route=\/wp\/v2\/users\/4"}],"replies":[{"embeddable":true,"href":"https:\/\/agr-tc.pt\/wp\/index.php?rest_route=%2Fwp%2Fv2%2Fcomments&post=4941"}],"version-history":[{"count":2,"href":"https:\/\/agr-tc.pt\/wp\/index.php?rest_route=\/wp\/v2\/posts\/4941\/revisions"}],"predecessor-version":[{"id":4994,"href":"https:\/\/agr-tc.pt\/wp\/index.php?rest_route=\/wp\/v2\/posts\/4941\/revisions\/4994"}],"wp:featuredmedia":[{"embeddable":true,"href":"https:\/\/agr-tc.pt\/wp\/index.php?rest_route=\/wp\/v2\/media\/4942"}],"wp:attachment":[{"href":"https:\/\/agr-tc.pt\/wp\/index.php?rest_route=%2Fwp%2Fv2%2Fmedia&parent=4941"}],"wp:term":[{"taxonomy":"category","embeddable":true,"href":"https:\/\/agr-tc.pt\/wp\/index.php?rest_route=%2Fwp%2Fv2%2Fcategories&post=4941"},{"taxonomy":"post_tag","embeddable":true,"href":"https:\/\/agr-tc.pt\/wp\/index.php?rest_route=%2Fwp%2Fv2%2Ftags&post=4941"}],"curies":[{"name":"wp","href":"https:\/\/api.w.org\/{rel}","templated":true}]}}