{"id":4694,"date":"2023-10-02T17:53:15","date_gmt":"2023-10-02T17:53:15","guid":{"rendered":"https:\/\/agr-tc.pt\/wp\/?p=4694"},"modified":"2023-11-06T23:23:28","modified_gmt":"2023-11-06T23:23:28","slug":"programa-de-voluntariado-candidatura","status":"publish","type":"post","link":"https:\/\/agr-tc.pt\/wp\/?p=4694","title":{"rendered":"Programa de voluntariado &#8211; Candidatura"},"content":{"rendered":"\n<p>Publicamos a seguinte documenta\u00e7\u00e3o relativa \u00e0 Candidatura ao Programa de Voluntariado do AETC &#8211; Dec. Lei n\u00ba 124\/2009 (trabalho volunt\u00e1rio nas escolas realizado por pessoal docente aposentado):<\/p>\n\n\n\n<ul class=\"wp-block-list\">\n<li><a href=\"https:\/\/agr-tc.pt\/wp\/wp-content\/uploads\/2023\/10\/publicitacaodoprocedimento_signed.pdf\" target=\"_blank\" rel=\"noreferrer noopener\">Procedimentos<\/a><\/li>\n\n\n\n<li><a href=\"https:\/\/agr-tc.pt\/wp\/wp-content\/uploads\/2023\/10\/candidaturaaoprogramadevoluntariado.docx\" target=\"_blank\" rel=\"noreferrer noopener\">Ficha de candidatura (download em vers\u00e3o docx)<\/a><\/li>\n\n\n\n<li><a href=\"https:\/\/agr-tc.pt\/wp\/wp-content\/uploads\/2023\/10\/decreto-lei-no-124_09.pdf\" target=\"_blank\" rel=\"noreferrer noopener\">Decreto-Lei 124\/2009<\/a><\/li>\n<\/ul>\n\n\n\n<div data-wp-interactive=\"core\/file\" class=\"wp-block-file\"><object data-wp-bind--hidden=\"!state.hasPdfPreview\" hidden class=\"wp-block-file__embed\" data=\"https:\/\/agr-tc.pt\/wp\/wp-content\/uploads\/2023\/10\/publicitacaodoprocedimento_signed.pdf\" type=\"application\/pdf\" style=\"width:100%;height:1200px\" aria-label=\"Incorpora\u00e7\u00e3o de publicitacaodoprocedimento_signed.\"><\/object><a id=\"wp-block-file--media-1750e213-caff-4b17-a4a6-4b09c19b351b\" href=\"https:\/\/agr-tc.pt\/wp\/wp-content\/uploads\/2023\/10\/publicitacaodoprocedimento_signed.pdf\">publicitacaodoprocedimento_signed<\/a><a href=\"https:\/\/agr-tc.pt\/wp\/wp-content\/uploads\/2023\/10\/publicitacaodoprocedimento_signed.pdf\" class=\"wp-block-file__button wp-element-button\" download aria-describedby=\"wp-block-file--media-1750e213-caff-4b17-a4a6-4b09c19b351b\">Descarregar<\/a><\/div>\n\n\n\n<div data-wp-interactive=\"core\/file\" class=\"wp-block-file\"><object data-wp-bind--hidden=\"!state.hasPdfPreview\" hidden class=\"wp-block-file__embed\" data=\"https:\/\/agr-tc.pt\/wp\/wp-content\/uploads\/2023\/10\/candidaturaaoprogramadevoluntariado.pdf\" type=\"application\/pdf\" style=\"width:100%;height:1200px\" aria-label=\"Incorpora\u00e7\u00e3o de candidaturaaoprogramadevoluntariado.\"><\/object><a id=\"wp-block-file--media-1f5ade0f-c5cd-4cfa-b4dc-fc9c20b52055\" href=\"https:\/\/agr-tc.pt\/wp\/wp-content\/uploads\/2023\/10\/candidaturaaoprogramadevoluntariado.pdf\">candidaturaaoprogramadevoluntariado<\/a><a href=\"https:\/\/agr-tc.pt\/wp\/wp-content\/uploads\/2023\/10\/candidaturaaoprogramadevoluntariado.pdf\" class=\"wp-block-file__button wp-element-button\" download aria-describedby=\"wp-block-file--media-1f5ade0f-c5cd-4cfa-b4dc-fc9c20b52055\">Descarregar<\/a><\/div>\n\n\n\n<div data-wp-interactive=\"core\/file\" class=\"wp-block-file\"><object data-wp-bind--hidden=\"!state.hasPdfPreview\" hidden class=\"wp-block-file__embed\" data=\"https:\/\/agr-tc.pt\/wp\/wp-content\/uploads\/2023\/10\/decreto-lei-no-124_09.pdf\" type=\"application\/pdf\" style=\"width:100%;height:1200px\" aria-label=\"Incorpora\u00e7\u00e3o de decreto-lei-no-124_09.\"><\/object><a id=\"wp-block-file--media-de47bf85-0d63-4f46-b4c0-0a7c0da2acf5\" href=\"https:\/\/agr-tc.pt\/wp\/wp-content\/uploads\/2023\/10\/decreto-lei-no-124_09.pdf\">decreto-lei-no-124_09<\/a><a href=\"https:\/\/agr-tc.pt\/wp\/wp-content\/uploads\/2023\/10\/decreto-lei-no-124_09.pdf\" class=\"wp-block-file__button wp-element-button\" download aria-describedby=\"wp-block-file--media-de47bf85-0d63-4f46-b4c0-0a7c0da2acf5\">Descarregar<\/a><\/div>\n","protected":false},"excerpt":{"rendered":"<p>Publicamos a seguinte documenta\u00e7\u00e3o relativa \u00e0 Candidatura ao Programa de Voluntariado do AETC &#8211; Dec. Lei n\u00ba 124\/2009 (trabalho volunt\u00e1rio nas escolas realizado por pessoal docente aposentado):<\/p>\n","protected":false},"author":4,"featured_media":0,"comment_status":"closed","ping_status":"closed","sticky":false,"template":"","format":"standard","meta":{"footnotes":""},"categories":[43,12,20],"tags":[],"class_list":["post-4694","post","type-post","status-publish","format-standard","hentry","category-43","category-avisos","category-escolatomascabreira"],"gutentor_comment":0,"_links":{"self":[{"href":"https:\/\/agr-tc.pt\/wp\/index.php?rest_route=\/wp\/v2\/posts\/4694","targetHints":{"allow":["GET"]}}],"collection":[{"href":"https:\/\/agr-tc.pt\/wp\/index.php?rest_route=\/wp\/v2\/posts"}],"about":[{"href":"https:\/\/agr-tc.pt\/wp\/index.php?rest_route=\/wp\/v2\/types\/post"}],"author":[{"embeddable":true,"href":"https:\/\/agr-tc.pt\/wp\/index.php?rest_route=\/wp\/v2\/users\/4"}],"replies":[{"embeddable":true,"href":"https:\/\/agr-tc.pt\/wp\/index.php?rest_route=%2Fwp%2Fv2%2Fcomments&post=4694"}],"version-history":[{"count":7,"href":"https:\/\/agr-tc.pt\/wp\/index.php?rest_route=\/wp\/v2\/posts\/4694\/revisions"}],"predecessor-version":[{"id":4709,"href":"https:\/\/agr-tc.pt\/wp\/index.php?rest_route=\/wp\/v2\/posts\/4694\/revisions\/4709"}],"wp:attachment":[{"href":"https:\/\/agr-tc.pt\/wp\/index.php?rest_route=%2Fwp%2Fv2%2Fmedia&parent=4694"}],"wp:term":[{"taxonomy":"category","embeddable":true,"href":"https:\/\/agr-tc.pt\/wp\/index.php?rest_route=%2Fwp%2Fv2%2Fcategories&post=4694"},{"taxonomy":"post_tag","embeddable":true,"href":"https:\/\/agr-tc.pt\/wp\/index.php?rest_route=%2Fwp%2Fv2%2Ftags&post=4694"}],"curies":[{"name":"wp","href":"https:\/\/api.w.org\/{rel}","templated":true}]}}