{"id":3721,"date":"2023-05-08T19:46:41","date_gmt":"2023-05-08T19:46:41","guid":{"rendered":"https:\/\/agr-tc.pt\/wp\/?p=3721"},"modified":"2023-05-08T19:48:10","modified_gmt":"2023-05-08T19:48:10","slug":"dia-do-etwinning-dia-da-europa","status":"publish","type":"post","link":"https:\/\/agr-tc.pt\/wp\/?p=3721","title":{"rendered":"Dia do eTwinning\/Dia da Europa"},"content":{"rendered":"\n<p>Em 1950, Robert Schuman, proferiu um c\u00e9lebre discurso em que apresentou a sua vis\u00e3o de paz e unidade para a Europa. Nesse mesmo discurso propos a cria\u00e7\u00e3o de uma organiza\u00e7\u00e3o predecessora da atual Uni\u00e3o Europeia.&nbsp;<\/p>\n\n\n\n<p>A a\u00e7\u00e3o eTwinning associou-se a esta data, pois por toda a Europa, professores e alunos se juntam, em redes de trabalho colaborativo, para desenvolver projetos com recurso \u00e0 internet e \u00e0s TIC contribuindo, assim, para a constru\u00e7\u00e3o de uma identidade europeia comum.<\/p>\n\n\n\n<p>Os seguintes trabalhos s\u00e3o exemplos dessa colabora\u00e7\u00e3o entre escolas parceiras, em que cada turma envolvida no projeto ficou respons\u00e1vel pela pintura de uma parte do desenho.<\/p>\n\n\n\n<p>Os projetos s\u00e3o os seguintes, respetivamente:<\/p>\n\n\n\n<p>Filmictionary<br>Dearest Fellows in Evolving World<br>The Future is in Our Hands<\/p>\n\n\n<div class=\"wp-block-image\">\n<figure class=\"aligncenter size-full\"><img loading=\"lazy\" decoding=\"async\" width=\"900\" height=\"1200\" src=\"https:\/\/agr-tc.pt\/wp\/wp-content\/uploads\/2023\/05\/et1.jpg\" alt=\"\" class=\"wp-image-3723\" srcset=\"https:\/\/agr-tc.pt\/wp\/wp-content\/uploads\/2023\/05\/et1.jpg 900w, https:\/\/agr-tc.pt\/wp\/wp-content\/uploads\/2023\/05\/et1-768x1024.jpg 768w\" sizes=\"auto, (max-width: 900px) 100vw, 900px\" \/><\/figure>\n<\/div>\n\n<div class=\"wp-block-image\">\n<figure class=\"aligncenter size-full\"><img loading=\"lazy\" decoding=\"async\" width=\"1200\" height=\"900\" src=\"https:\/\/agr-tc.pt\/wp\/wp-content\/uploads\/2023\/05\/et2.jpg\" alt=\"\" class=\"wp-image-3724\" srcset=\"https:\/\/agr-tc.pt\/wp\/wp-content\/uploads\/2023\/05\/et2.jpg 1200w, https:\/\/agr-tc.pt\/wp\/wp-content\/uploads\/2023\/05\/et2-768x576.jpg 768w\" sizes=\"auto, (max-width: 1200px) 100vw, 1200px\" \/><\/figure>\n<\/div>\n\n\n<iframe loading=\"lazy\" src=\"https:\/\/www.facebook.com\/plugins\/post.php?href=https%3A%2F%2Fwww.facebook.com%2FAgr.Esc.Tomas.Cabreira.Faro%2Fposts%2Fpfbid05MyARb8QCGP6pG2xmgWZoE82vyWJ628YMNiRzRHHrFzbkqvGnD2MRskkmJonkcK4l&#038;show_text=true&#038;width=500\" width=\"500\" height=\"806\" style=\"border:none;overflow:hidden\" scrolling=\"no\" frameborder=\"0\" allowfullscreen=\"true\" allow=\"autoplay; clipboard-write; encrypted-media; picture-in-picture; web-share\"><\/iframe>\n","protected":false},"excerpt":{"rendered":"<p>Em 1950, Robert Schuman, proferiu um c\u00e9lebre discurso em que apresentou a sua vis\u00e3o de paz e unidade para a Europa. Nesse mesmo discurso propos a cria\u00e7\u00e3o de uma organiza\u00e7\u00e3o predecessora da atual Uni\u00e3o Europeia.&nbsp; A a\u00e7\u00e3o eTwinning associou-se a esta data, pois por toda a Europa, professores e alunos se juntam, em redes de&hellip;<\/p>\n","protected":false},"author":4,"featured_media":3722,"comment_status":"closed","ping_status":"closed","sticky":false,"template":"","format":"standard","meta":{"footnotes":""},"categories":[43,11,41],"tags":[],"class_list":["post-3721","post","type-post","status-publish","format-standard","has-post-thumbnail","hentry","category-43","category-atividades","category-etwinning"],"gutentor_comment":0,"_links":{"self":[{"href":"https:\/\/agr-tc.pt\/wp\/index.php?rest_route=\/wp\/v2\/posts\/3721","targetHints":{"allow":["GET"]}}],"collection":[{"href":"https:\/\/agr-tc.pt\/wp\/index.php?rest_route=\/wp\/v2\/posts"}],"about":[{"href":"https:\/\/agr-tc.pt\/wp\/index.php?rest_route=\/wp\/v2\/types\/post"}],"author":[{"embeddable":true,"href":"https:\/\/agr-tc.pt\/wp\/index.php?rest_route=\/wp\/v2\/users\/4"}],"replies":[{"embeddable":true,"href":"https:\/\/agr-tc.pt\/wp\/index.php?rest_route=%2Fwp%2Fv2%2Fcomments&post=3721"}],"version-history":[{"count":3,"href":"https:\/\/agr-tc.pt\/wp\/index.php?rest_route=\/wp\/v2\/posts\/3721\/revisions"}],"predecessor-version":[{"id":3728,"href":"https:\/\/agr-tc.pt\/wp\/index.php?rest_route=\/wp\/v2\/posts\/3721\/revisions\/3728"}],"wp:featuredmedia":[{"embeddable":true,"href":"https:\/\/agr-tc.pt\/wp\/index.php?rest_route=\/wp\/v2\/media\/3722"}],"wp:attachment":[{"href":"https:\/\/agr-tc.pt\/wp\/index.php?rest_route=%2Fwp%2Fv2%2Fmedia&parent=3721"}],"wp:term":[{"taxonomy":"category","embeddable":true,"href":"https:\/\/agr-tc.pt\/wp\/index.php?rest_route=%2Fwp%2Fv2%2Fcategories&post=3721"},{"taxonomy":"post_tag","embeddable":true,"href":"https:\/\/agr-tc.pt\/wp\/index.php?rest_route=%2Fwp%2Fv2%2Ftags&post=3721"}],"curies":[{"name":"wp","href":"https:\/\/api.w.org\/{rel}","templated":true}]}}