{"id":3666,"date":"2023-05-03T08:20:00","date_gmt":"2023-05-03T08:20:00","guid":{"rendered":"https:\/\/agr-tc.pt\/wp\/?p=3666"},"modified":"2023-05-11T22:16:21","modified_gmt":"2023-05-11T22:16:21","slug":"calendario-de-provas-de-afericao-2023","status":"publish","type":"post","link":"https:\/\/agr-tc.pt\/wp\/?p=3666","title":{"rendered":"Calend\u00e1rio de Provas de Aferi\u00e7\u00e3o 2023 &#8211; 2.\u00ba, 5.\u00ba e 8.\u00ba anos"},"content":{"rendered":"\n<p>Calend\u00e1rio de Provas de Aferi\u00e7\u00e3o 2023 &#8211; 2.\u00ba, 5.\u00ba e 8.\u00ba anos.<\/p>\n\n\n\n<div data-wp-interactive=\"core\/file\" class=\"wp-block-file aligncenter\"><object data-wp-bind--hidden=\"!state.hasPdfPreview\" hidden class=\"wp-block-file__embed\" data=\"https:\/\/agr-tc.pt\/wp\/wp-content\/uploads\/2023\/05\/calendarioprovasdeafericao2023b__.pdf\" type=\"application\/pdf\" style=\"width:100%;height:600px\" aria-label=\"Incorpora\u00e7\u00e3o de calendarioprovasdeafericao2023b__.\"><\/object><a id=\"wp-block-file--media-6c333228-21df-476a-9ce5-a13fc9180e9c\" href=\"https:\/\/agr-tc.pt\/wp\/wp-content\/uploads\/2023\/05\/calendarioprovasdeafericao2023b__.pdf\">calendarioprovasdeafericao2023b__<\/a><a href=\"https:\/\/agr-tc.pt\/wp\/wp-content\/uploads\/2023\/05\/calendarioprovasdeafericao2023b__.pdf\" class=\"wp-block-file__button wp-element-button\" download aria-describedby=\"wp-block-file--media-6c333228-21df-476a-9ce5-a13fc9180e9c\">Descarregar<\/a><\/div>\n\n\n\n<p class=\"has-medium-font-size\"><a href=\"https:\/\/agr-tc.pt\/wp\/?p=3674\" target=\"_blank\" rel=\"noreferrer noopener\">Clique aqui para abrir uma p\u00e1gina com as Informa\u00e7\u00e3o-Prova das Provas de Aferi\u00e7\u00e3o (2.\u00ba, 5.\u00ba e 8.\u00ba anos)<\/a><\/p>\n","protected":false},"excerpt":{"rendered":"<p>Calend\u00e1rio de Provas de Aferi\u00e7\u00e3o 2023 &#8211; 2.\u00ba, 5.\u00ba e 8.\u00ba anos. Clique aqui para abrir uma p\u00e1gina com as Informa\u00e7\u00e3o-Prova das Provas de Aferi\u00e7\u00e3o (2.\u00ba, 5.\u00ba e 8.\u00ba anos)<\/p>\n","protected":false},"author":4,"featured_media":3834,"comment_status":"closed","ping_status":"closed","sticky":false,"template":"","format":"standard","meta":{"footnotes":""},"categories":[43,12,18,21,19,17],"tags":[],"class_list":["post-3666","post","type-post","status-publish","format-standard","has-post-thumbnail","hentry","category-43","category-avisos","category-escola-bom-joao","category-exames2023","category-escolajoaquimmagalhaes","category-escola-s-luis"],"gutentor_comment":0,"_links":{"self":[{"href":"https:\/\/agr-tc.pt\/wp\/index.php?rest_route=\/wp\/v2\/posts\/3666","targetHints":{"allow":["GET"]}}],"collection":[{"href":"https:\/\/agr-tc.pt\/wp\/index.php?rest_route=\/wp\/v2\/posts"}],"about":[{"href":"https:\/\/agr-tc.pt\/wp\/index.php?rest_route=\/wp\/v2\/types\/post"}],"author":[{"embeddable":true,"href":"https:\/\/agr-tc.pt\/wp\/index.php?rest_route=\/wp\/v2\/users\/4"}],"replies":[{"embeddable":true,"href":"https:\/\/agr-tc.pt\/wp\/index.php?rest_route=%2Fwp%2Fv2%2Fcomments&post=3666"}],"version-history":[{"count":7,"href":"https:\/\/agr-tc.pt\/wp\/index.php?rest_route=\/wp\/v2\/posts\/3666\/revisions"}],"predecessor-version":[{"id":3837,"href":"https:\/\/agr-tc.pt\/wp\/index.php?rest_route=\/wp\/v2\/posts\/3666\/revisions\/3837"}],"wp:featuredmedia":[{"embeddable":true,"href":"https:\/\/agr-tc.pt\/wp\/index.php?rest_route=\/wp\/v2\/media\/3834"}],"wp:attachment":[{"href":"https:\/\/agr-tc.pt\/wp\/index.php?rest_route=%2Fwp%2Fv2%2Fmedia&parent=3666"}],"wp:term":[{"taxonomy":"category","embeddable":true,"href":"https:\/\/agr-tc.pt\/wp\/index.php?rest_route=%2Fwp%2Fv2%2Fcategories&post=3666"},{"taxonomy":"post_tag","embeddable":true,"href":"https:\/\/agr-tc.pt\/wp\/index.php?rest_route=%2Fwp%2Fv2%2Ftags&post=3666"}],"curies":[{"name":"wp","href":"https:\/\/api.w.org\/{rel}","templated":true}]}}