{"id":3593,"date":"2023-04-24T07:54:00","date_gmt":"2023-04-24T07:54:00","guid":{"rendered":"https:\/\/agr-tc.pt\/wp\/?p=3593"},"modified":"2023-04-24T08:01:36","modified_gmt":"2023-04-24T08:01:36","slug":"iv-conferencia-estudantil-de-adaptacao-as-adaptacoes-climaticas","status":"publish","type":"post","link":"https:\/\/agr-tc.pt\/wp\/?p=3593","title":{"rendered":"IV Confer\u00eancia Estudantil de Adapta\u00e7\u00e3o \u00e0s Adapta\u00e7\u00f5es Clim\u00e1ticas"},"content":{"rendered":"\n<p><strong>PROGRAMA<\/strong><\/p>\n\n\n\n<p><strong>27 de abril&nbsp;de 2023 na Escola Secund\u00e1ria Tom\u00e1s Cabreira<\/strong>.<\/p>\n\n\n<a href=\"https:\/\/agr-tc.pt\/wp\/wp-content\/uploads\/2023\/04\/Cartaz_Programa-IV-Conferencia-Estudantil.pdf\" class=\"pdfemb-viewer\" style=\"\" data-width=\"max\" data-height=\"max\"  data-toolbar=\"bottom\" data-toolbar-fixed=\"off\">Cartaz_Programa-IV-Conferencia-Estudantil<br\/><\/a>\n<p class=\"wp-block-pdfemb-pdf-embedder-viewer\"><\/p>\n\n\n\n<iframe loading=\"lazy\" src=\"https:\/\/www.facebook.com\/plugins\/post.php?href=https%3A%2F%2Fwww.facebook.com%2FAgr.Esc.Tomas.Cabreira.Faro%2Fposts%2Fpfbid024qAPjkEt1j79U88YRQsTLgauziv9H82WYVKLbZ2zdTuKh6iLohGgbQpMiE7tQZzEl&#038;show_text=true&#038;width=500\" width=\"500\" height=\"250\" style=\"border:none;overflow:hidden\" scrolling=\"no\" frameborder=\"0\" allowfullscreen=\"true\" allow=\"autoplay; clipboard-write; encrypted-media; picture-in-picture; web-share\"><\/iframe>\n\n\n\n<figure class=\"wp-block-embed is-type-wp-embed is-provider-agrupamento-de-escolas-tomas-cabreira wp-block-embed-agrupamento-de-escolas-tomas-cabreira\"><div class=\"wp-block-embed__wrapper\">\nhttps:\/\/agr-tc.pt\/wp\/?p=3597\n<\/div><\/figure>\n","protected":false},"excerpt":{"rendered":"<p>PROGRAMA 27 de abril&nbsp;de 2023 na Escola Secund\u00e1ria Tom\u00e1s Cabreira.<\/p>\n","protected":false},"author":4,"featured_media":3596,"comment_status":"closed","ping_status":"closed","sticky":false,"template":"","format":"standard","meta":{"footnotes":""},"categories":[43,11,26,20],"tags":[],"class_list":["post-3593","post","type-post","status-publish","format-standard","has-post-thumbnail","hentry","category-43","category-atividades","category-ciencia","category-escolatomascabreira"],"gutentor_comment":0,"_links":{"self":[{"href":"https:\/\/agr-tc.pt\/wp\/index.php?rest_route=\/wp\/v2\/posts\/3593","targetHints":{"allow":["GET"]}}],"collection":[{"href":"https:\/\/agr-tc.pt\/wp\/index.php?rest_route=\/wp\/v2\/posts"}],"about":[{"href":"https:\/\/agr-tc.pt\/wp\/index.php?rest_route=\/wp\/v2\/types\/post"}],"author":[{"embeddable":true,"href":"https:\/\/agr-tc.pt\/wp\/index.php?rest_route=\/wp\/v2\/users\/4"}],"replies":[{"embeddable":true,"href":"https:\/\/agr-tc.pt\/wp\/index.php?rest_route=%2Fwp%2Fv2%2Fcomments&post=3593"}],"version-history":[{"count":3,"href":"https:\/\/agr-tc.pt\/wp\/index.php?rest_route=\/wp\/v2\/posts\/3593\/revisions"}],"predecessor-version":[{"id":3612,"href":"https:\/\/agr-tc.pt\/wp\/index.php?rest_route=\/wp\/v2\/posts\/3593\/revisions\/3612"}],"wp:featuredmedia":[{"embeddable":true,"href":"https:\/\/agr-tc.pt\/wp\/index.php?rest_route=\/wp\/v2\/media\/3596"}],"wp:attachment":[{"href":"https:\/\/agr-tc.pt\/wp\/index.php?rest_route=%2Fwp%2Fv2%2Fmedia&parent=3593"}],"wp:term":[{"taxonomy":"category","embeddable":true,"href":"https:\/\/agr-tc.pt\/wp\/index.php?rest_route=%2Fwp%2Fv2%2Fcategories&post=3593"},{"taxonomy":"post_tag","embeddable":true,"href":"https:\/\/agr-tc.pt\/wp\/index.php?rest_route=%2Fwp%2Fv2%2Ftags&post=3593"}],"curies":[{"name":"wp","href":"https:\/\/api.w.org\/{rel}","templated":true}]}}