{"id":3579,"date":"2023-04-24T07:52:00","date_gmt":"2023-04-24T07:52:00","guid":{"rendered":"https:\/\/agr-tc.pt\/wp\/?p=3579"},"modified":"2023-04-25T23:38:38","modified_gmt":"2023-04-25T23:38:38","slug":"ii-semana-mar-adentro-programa","status":"publish","type":"post","link":"https:\/\/agr-tc.pt\/wp\/?p=3579","title":{"rendered":"II Semana &#8220;Mar Adentro&#8221; &#8211; Programa"},"content":{"rendered":"\n<p><strong>II Semana Tem\u00e1tica &#8220;Mar Adentro&#8221;,<\/strong>\u00a027 de abril a 3 de maio<\/p>\n\n\n\n<p>Clube Ci\u00eancia Viva do AETC, CRESC Algarve 2020<\/p>\n\n\n\n<p><strong>A DESTACAR<\/strong><\/p>\n\n\n\n<p><strong>IV Confer\u00eancia Estudantil de Adapta\u00e7\u00f5es \u00e0s Altera\u00e7\u00f5es Clim\u00e1ticas &#8211; \u201cAlian\u00e7a pela \u00c1gua\u201d<\/strong><\/p>\n\n\n\n<p>com a participa\u00e7\u00e3o da Escola Secund\u00e1ria Tom\u00e1s Cabreira, Escola Secund\u00e1ria Jo\u00e3o de Deus, Escola Secund\u00e1ria Pinheiro e Rosa, Escola Secund\u00e1ria de Loul\u00e9 e Escola Francisco Fernandes Lopes e do convidado Oc\u00e9anopolis de Brest, Fran\u00e7a e Escola Secund\u00e1ria Lu\u00eds de Freitas Branco, Pa\u00e7o de Arcos&nbsp;<strong>(<a href=\"https:\/\/agr-tc.pt\/wp\/wp-content\/uploads\/2023\/04\/Programa_IISemanaTematica-scaled.jpg\" target=\"_blank\" rel=\"noreferrer noopener\">ver pograma<\/a>)<\/strong><\/p>\n\n\n\n<p><strong>I Confer\u00eancia J\u00fanior de Faro \u201cAlian\u00e7a pela \u00c1gua\u201d<\/strong><\/p>\n\n\n\n<p>com a participa\u00e7\u00e3o da Escola B\u00e1sica Joaquim Magalh\u00e3es e dos Agrupamentos de Escolas Afonso III e Montenegro<\/p>\n\n\n\n<p><strong>Palestras&nbsp;<\/strong><em>\u00c1gua e Altera\u00e7\u00f5es Clim\u00e1ticas: O Papel dos (que Hoje s\u00e3o) Jovens<\/em>,&nbsp;Professora Doutora Manuela Moreira da Silva, ISE-UALG, CIMA;&nbsp;<em>\u00c1gua: um recurso essencial em perigo &#8211; como podemos garantir um futuro sustent\u00e1vel para todos?<\/em>,&nbsp;Professora Doutora V\u00e2nia Serr\u00e3o Sousa, FCT-UALG;&nbsp;<em>O papel dos produtores prim\u00e1rios marinhos na mitiga\u00e7\u00e3o das altera\u00e7\u00f5es clim\u00e1ticas<\/em>,&nbsp;Dr. M\u00e1rcio Martins, aluno de doutoramento FCT-UAlg;&nbsp;Est\u00e3o as conchas a dissolver-se no mar,&nbsp;<em>Professora Doutora Zelia<\/em>, FCT-UALG, CCMAR; Projeto Parlamento Europeu:&nbsp;<em>A pol\u00edtica mar\u00edtima integrada da Uni\u00e3o Europeia e o crescimento azul e A \u00c1gua, Algarve e Europa,<\/em>&nbsp;Isabel Baltazar, Ph.D., NOVA FCSH;&nbsp;<em>A f\u00edsica do oceano e as altera\u00e7\u00f5es clim\u00e1ticas<\/em>,&nbsp;Professor Doutor Paulo Relvas, FCT-UALG, CCMAR;&nbsp;<em>Microalgas nocivas e as altera\u00e7\u00f5es nos oceanos<\/em>,&nbsp;Professora Doutora Sandra Lage FCT-UALG, CCMAR&nbsp;<strong><a href=\"https:\/\/agr-tc.pt\/wp\/wp-content\/uploads\/2023\/04\/palestrasresumo-2023.pdf\" target=\"_blank\" rel=\"noreferrer noopener\">(ver resumo)<\/a><\/strong>.<\/p>\n\n\n\n<p><strong>Feira da Ci\u00eancia<\/strong><\/p>\n\n\n\n<p>Demonstra\u00e7\u00f5es, atividades interativas\/experimentais e proje\u00e7\u00e3o de v\u00eddeos, com apontamentos de poesia, participa\u00e7\u00e3o do Centro Ci\u00eancia Viva do Algarve e do Centro Ci\u00eancia Viva de Tavira<\/p>\n\n\n\n<p><strong>E ainda\u2026<\/strong><\/p>\n\n\n\n<p><strong>Atividades de&nbsp;<em>OpenLab<\/em>, performances art\u00edsticas, \u00abo Surf vai \u00e0 escola\u00bb, exposi\u00e7\u00f5es, mostras de trabalhos, corrida de orienta\u00e7\u00e3o e muito mais.<\/strong><\/p>\n\n\n\n<p>Quatro dias de intensa atividade e conhecimento.&nbsp;<\/p>\n\n\n\n<p><em>A Coordena\u00e7\u00e3o do Clube Ci\u00eancia Viva do Agrupamento&nbsp;agradece a participa\u00e7\u00e3o e colabora\u00e7\u00e3o de todos aqueles que permitiram a organiza\u00e7\u00e3o deste evento.<\/em><\/p>\n\n\n<div class=\"wp-block-image\">\n<figure class=\"aligncenter size-full is-resized\"><img decoding=\"async\" src=\"https:\/\/agr-tc.pt\/wp\/wp-content\/uploads\/2023\/04\/programa-MarAdentro-scaled.jpg\" alt=\"\" class=\"wp-image-3638\" width=\"1200\" srcset=\"https:\/\/agr-tc.pt\/wp\/wp-content\/uploads\/2023\/04\/programa-MarAdentro-scaled.jpg 1530w, https:\/\/agr-tc.pt\/wp\/wp-content\/uploads\/2023\/04\/programa-MarAdentro-768x1285.jpg 768w, https:\/\/agr-tc.pt\/wp\/wp-content\/uploads\/2023\/04\/programa-MarAdentro-918x1536.jpg 918w, https:\/\/agr-tc.pt\/wp\/wp-content\/uploads\/2023\/04\/programa-MarAdentro-1224x2048.jpg 1224w\" sizes=\"(max-width: 1530px) 100vw, 1530px\" \/><\/figure>\n<\/div>\n\n\n<iframe loading=\"lazy\" src=\"https:\/\/www.facebook.com\/plugins\/post.php?href=https%3A%2F%2Fwww.facebook.com%2FAgr.Esc.Tomas.Cabreira.Faro%2Fposts%2Fpfbid0PAsQHicovcq4HF3E5Lerqxaabeiijum3gjcXERi5Z3bL6Lxjt1nFnW3d3cAodRwsl&#038;show_text=true&#038;width=500\" width=\"500\" height=\"639\" style=\"border:none;overflow:hidden\" scrolling=\"no\" frameborder=\"0\" allowfullscreen=\"true\" allow=\"autoplay; clipboard-write; encrypted-media; picture-in-picture; web-share\"><\/iframe>\n\n\n\n<hr class=\"wp-block-separator has-alpha-channel-opacity\"\/>\n\n\n\n<figure class=\"wp-block-embed is-type-wp-embed is-provider-agrupamento-de-escolas-tomas-cabreira wp-block-embed-agrupamento-de-escolas-tomas-cabreira\"><div class=\"wp-block-embed__wrapper\">\n<blockquote class=\"wp-embedded-content\" data-secret=\"JHwZ9wZjht\"><a href=\"https:\/\/agr-tc.pt\/wp\/?p=3575\">II Semana Mar Adentro &#8211; Palestras<\/a><\/blockquote><iframe loading=\"lazy\" class=\"wp-embedded-content\" sandbox=\"allow-scripts\" security=\"restricted\" style=\"position: absolute; clip: rect(1px, 1px, 1px, 1px);\" title=\"&#8220;II Semana Mar Adentro &#8211; Palestras&#8221; &#8212; Agrupamento de Escolas Tom\u00e1s Cabreira\" src=\"https:\/\/agr-tc.pt\/wp\/?p=3575&#038;embed=true#?secret=EMROxxq3nJ#?secret=JHwZ9wZjht\" data-secret=\"JHwZ9wZjht\" width=\"600\" height=\"338\" frameborder=\"0\" marginwidth=\"0\" marginheight=\"0\" scrolling=\"no\"><\/iframe>\n<\/div><\/figure>\n\n\n\n<hr class=\"wp-block-separator has-alpha-channel-opacity\"\/>\n\n\n\n<figure class=\"wp-block-embed is-type-wp-embed is-provider-agrupamento-de-escolas-tomas-cabreira wp-block-embed-agrupamento-de-escolas-tomas-cabreira\"><div class=\"wp-block-embed__wrapper\">\n<blockquote class=\"wp-embedded-content\" data-secret=\"TZ4IiRZelX\"><a href=\"https:\/\/agr-tc.pt\/wp\/?p=3593\">IV Confer\u00eancia Estudantil de Adapta\u00e7\u00e3o \u00e0s Adapta\u00e7\u00f5es Clim\u00e1ticas<\/a><\/blockquote><iframe loading=\"lazy\" class=\"wp-embedded-content\" sandbox=\"allow-scripts\" security=\"restricted\" style=\"position: absolute; clip: rect(1px, 1px, 1px, 1px);\" title=\"&#8220;IV Confer\u00eancia Estudantil de Adapta\u00e7\u00e3o \u00e0s Adapta\u00e7\u00f5es Clim\u00e1ticas&#8221; &#8212; Agrupamento de Escolas Tom\u00e1s Cabreira\" src=\"https:\/\/agr-tc.pt\/wp\/?p=3593&#038;embed=true#?secret=PBAGc0EFAb#?secret=TZ4IiRZelX\" data-secret=\"TZ4IiRZelX\" width=\"600\" height=\"338\" frameborder=\"0\" marginwidth=\"0\" marginheight=\"0\" scrolling=\"no\"><\/iframe>\n<\/div><\/figure>\n","protected":false},"excerpt":{"rendered":"<p>II Semana Tem\u00e1tica &#8220;Mar Adentro&#8221;,\u00a027 de abril a 3 de maio Clube Ci\u00eancia Viva do AETC, CRESC Algarve 2020 A DESTACAR IV Confer\u00eancia Estudantil de Adapta\u00e7\u00f5es \u00e0s Altera\u00e7\u00f5es Clim\u00e1ticas &#8211; \u201cAlian\u00e7a pela \u00c1gua\u201d com a participa\u00e7\u00e3o da Escola Secund\u00e1ria Tom\u00e1s Cabreira, Escola Secund\u00e1ria Jo\u00e3o de Deus, Escola Secund\u00e1ria Pinheiro e Rosa, Escola Secund\u00e1ria de Loul\u00e9&hellip;<\/p>\n","protected":false},"author":4,"featured_media":3641,"comment_status":"closed","ping_status":"closed","sticky":false,"template":"","format":"standard","meta":{"footnotes":""},"categories":[43,11],"tags":[],"class_list":["post-3579","post","type-post","status-publish","format-standard","has-post-thumbnail","hentry","category-43","category-atividades"],"gutentor_comment":0,"_links":{"self":[{"href":"https:\/\/agr-tc.pt\/wp\/index.php?rest_route=\/wp\/v2\/posts\/3579","targetHints":{"allow":["GET"]}}],"collection":[{"href":"https:\/\/agr-tc.pt\/wp\/index.php?rest_route=\/wp\/v2\/posts"}],"about":[{"href":"https:\/\/agr-tc.pt\/wp\/index.php?rest_route=\/wp\/v2\/types\/post"}],"author":[{"embeddable":true,"href":"https:\/\/agr-tc.pt\/wp\/index.php?rest_route=\/wp\/v2\/users\/4"}],"replies":[{"embeddable":true,"href":"https:\/\/agr-tc.pt\/wp\/index.php?rest_route=%2Fwp%2Fv2%2Fcomments&post=3579"}],"version-history":[{"count":12,"href":"https:\/\/agr-tc.pt\/wp\/index.php?rest_route=\/wp\/v2\/posts\/3579\/revisions"}],"predecessor-version":[{"id":3643,"href":"https:\/\/agr-tc.pt\/wp\/index.php?rest_route=\/wp\/v2\/posts\/3579\/revisions\/3643"}],"wp:featuredmedia":[{"embeddable":true,"href":"https:\/\/agr-tc.pt\/wp\/index.php?rest_route=\/wp\/v2\/media\/3641"}],"wp:attachment":[{"href":"https:\/\/agr-tc.pt\/wp\/index.php?rest_route=%2Fwp%2Fv2%2Fmedia&parent=3579"}],"wp:term":[{"taxonomy":"category","embeddable":true,"href":"https:\/\/agr-tc.pt\/wp\/index.php?rest_route=%2Fwp%2Fv2%2Fcategories&post=3579"},{"taxonomy":"post_tag","embeddable":true,"href":"https:\/\/agr-tc.pt\/wp\/index.php?rest_route=%2Fwp%2Fv2%2Ftags&post=3579"}],"curies":[{"name":"wp","href":"https:\/\/api.w.org\/{rel}","templated":true}]}}