{"id":3575,"date":"2023-04-24T07:53:00","date_gmt":"2023-04-24T07:53:00","guid":{"rendered":"https:\/\/agr-tc.pt\/wp\/?p=3575"},"modified":"2023-04-24T10:21:30","modified_gmt":"2023-04-24T10:21:30","slug":"ii-semana-mar-adentro-posters-das-palestras","status":"publish","type":"post","link":"https:\/\/agr-tc.pt\/wp\/?p=3575","title":{"rendered":"II Semana Mar Adentro &#8211; Palestras"},"content":{"rendered":"\n<p>27 de abril &#8211; Palestra por Manuela Silva;<br>28 de abril &#8211; Palestra por V\u00e2nia Serr\u00e3o;<br>2 de maio Palestras por Sandra Laje, Z\u00e9lia Velez, M\u00e1rcio Martins, Paulo Relvas e Jo\u00e3o Cardoso.<\/p>\n\n\n<a href=\"https:\/\/agr-tc.pt\/wp\/wp-content\/uploads\/2023\/04\/II-Semana-Mar_Adentro_Palestras-2023.pdf\" class=\"pdfemb-viewer\" style=\"\" data-width=\"max\" data-height=\"max\"  data-toolbar=\"bottom\" data-toolbar-fixed=\"off\">II-Semana-Mar_Adentro_Palestras-2023<br\/><\/a>\n<p class=\"wp-block-pdfemb-pdf-embedder-viewer\"><\/p>\n\n\n\n<p>Pode clicar <a href=\"https:\/\/agr-tc.pt\/wp\/wp-content\/uploads\/2023\/04\/II-Semana-Mar_Adentro_Palestras-2023.pdf\" target=\"_blank\" rel=\"noreferrer noopener\">aqui <\/a>para fazer o download do pdf acima e <\/p>\n\n\n\n<p><a href=\"https:\/\/agr-tc.pt\/wp\/wp-content\/uploads\/2023\/04\/palestrasresumo-2023.pdf\" target=\"_blank\" rel=\"noreferrer noopener\">aqui<\/a> ou no link abaixo para ver outro resumo da programa\u00e7\u00e3o das palestras.<\/p>\n\n\n\n<figure class=\"wp-block-embed is-type-wp-embed is-provider-agrupamento-de-escolas-tomas-cabreira wp-block-embed-agrupamento-de-escolas-tomas-cabreira\"><div class=\"wp-block-embed__wrapper\">\n<blockquote class=\"wp-embedded-content\" data-secret=\"T1RaYCNduu\"><a href=\"https:\/\/agr-tc.pt\/wp\/?p=3619\">II Semana Mar Adentro &#8211; Resumo das Palestras<\/a><\/blockquote><iframe loading=\"lazy\" class=\"wp-embedded-content\" sandbox=\"allow-scripts\" security=\"restricted\" style=\"position: absolute; clip: rect(1px, 1px, 1px, 1px);\" title=\"&#8220;II Semana Mar Adentro &#8211; Resumo das Palestras&#8221; &#8212; Agrupamento de Escolas Tom\u00e1s Cabreira\" src=\"https:\/\/agr-tc.pt\/wp\/?p=3619&#038;embed=true#?secret=KrAPZ5Dsy3#?secret=T1RaYCNduu\" data-secret=\"T1RaYCNduu\" width=\"600\" height=\"338\" frameborder=\"0\" marginwidth=\"0\" marginheight=\"0\" scrolling=\"no\"><\/iframe>\n<\/div><\/figure>\n\n\n\n<iframe loading=\"lazy\" src=\"https:\/\/www.facebook.com\/plugins\/post.php?href=https%3A%2F%2Fwww.facebook.com%2FAgr.Esc.Tomas.Cabreira.Faro%2Fposts%2Fpfbid024qAPjkEt1j79U88YRQsTLgauziv9H82WYVKLbZ2zdTuKh6iLohGgbQpMiE7tQZzEl&#038;show_text=true&#038;width=500\" width=\"500\" height=\"250\" style=\"border:none;overflow:hidden\" scrolling=\"no\" frameborder=\"0\" allowfullscreen=\"true\" allow=\"autoplay; clipboard-write; encrypted-media; picture-in-picture; web-share\"><\/iframe>\n\n\n\n<hr class=\"wp-block-separator has-alpha-channel-opacity\"\/>\n\n\n\n<figure class=\"wp-block-embed is-type-wp-embed is-provider-agrupamento-de-escolas-tomas-cabreira wp-block-embed-agrupamento-de-escolas-tomas-cabreira\"><div class=\"wp-block-embed__wrapper\">\n<blockquote class=\"wp-embedded-content\" data-secret=\"vNHRiqAk2I\"><a href=\"https:\/\/agr-tc.pt\/wp\/?p=3579\">II Semana &#8220;Mar Adentro&#8221; &#8211; Programa<\/a><\/blockquote><iframe loading=\"lazy\" class=\"wp-embedded-content\" sandbox=\"allow-scripts\" security=\"restricted\" style=\"position: absolute; clip: rect(1px, 1px, 1px, 1px);\" title=\"&#8220;II Semana &#8220;Mar Adentro&#8221; &#8211; Programa&#8221; &#8212; Agrupamento de Escolas Tom\u00e1s Cabreira\" src=\"https:\/\/agr-tc.pt\/wp\/?p=3579&#038;embed=true#?secret=21RehhTAvI#?secret=vNHRiqAk2I\" data-secret=\"vNHRiqAk2I\" width=\"600\" height=\"338\" frameborder=\"0\" marginwidth=\"0\" marginheight=\"0\" scrolling=\"no\"><\/iframe>\n<\/div><\/figure>\n","protected":false},"excerpt":{"rendered":"<p>27 de abril &#8211; Palestra por Manuela Silva;28 de abril &#8211; Palestra por V\u00e2nia Serr\u00e3o;2 de maio Palestras por Sandra Laje, Z\u00e9lia Velez, M\u00e1rcio Martins, Paulo Relvas e Jo\u00e3o Cardoso. Pode clicar aqui para fazer o download do pdf acima e aqui ou no link abaixo para ver outro resumo da programa\u00e7\u00e3o das palestras.<\/p>\n","protected":false},"author":4,"featured_media":3578,"comment_status":"closed","ping_status":"closed","sticky":false,"template":"","format":"standard","meta":{"footnotes":""},"categories":[43,11,26,19,20],"tags":[],"class_list":["post-3575","post","type-post","status-publish","format-standard","has-post-thumbnail","hentry","category-43","category-atividades","category-ciencia","category-escolajoaquimmagalhaes","category-escolatomascabreira"],"gutentor_comment":0,"_links":{"self":[{"href":"https:\/\/agr-tc.pt\/wp\/index.php?rest_route=\/wp\/v2\/posts\/3575","targetHints":{"allow":["GET"]}}],"collection":[{"href":"https:\/\/agr-tc.pt\/wp\/index.php?rest_route=\/wp\/v2\/posts"}],"about":[{"href":"https:\/\/agr-tc.pt\/wp\/index.php?rest_route=\/wp\/v2\/types\/post"}],"author":[{"embeddable":true,"href":"https:\/\/agr-tc.pt\/wp\/index.php?rest_route=\/wp\/v2\/users\/4"}],"replies":[{"embeddable":true,"href":"https:\/\/agr-tc.pt\/wp\/index.php?rest_route=%2Fwp%2Fv2%2Fcomments&post=3575"}],"version-history":[{"count":10,"href":"https:\/\/agr-tc.pt\/wp\/index.php?rest_route=\/wp\/v2\/posts\/3575\/revisions"}],"predecessor-version":[{"id":3632,"href":"https:\/\/agr-tc.pt\/wp\/index.php?rest_route=\/wp\/v2\/posts\/3575\/revisions\/3632"}],"wp:featuredmedia":[{"embeddable":true,"href":"https:\/\/agr-tc.pt\/wp\/index.php?rest_route=\/wp\/v2\/media\/3578"}],"wp:attachment":[{"href":"https:\/\/agr-tc.pt\/wp\/index.php?rest_route=%2Fwp%2Fv2%2Fmedia&parent=3575"}],"wp:term":[{"taxonomy":"category","embeddable":true,"href":"https:\/\/agr-tc.pt\/wp\/index.php?rest_route=%2Fwp%2Fv2%2Fcategories&post=3575"},{"taxonomy":"post_tag","embeddable":true,"href":"https:\/\/agr-tc.pt\/wp\/index.php?rest_route=%2Fwp%2Fv2%2Ftags&post=3575"}],"curies":[{"name":"wp","href":"https:\/\/api.w.org\/{rel}","templated":true}]}}