{"id":10881,"date":"2026-04-28T22:01:00","date_gmt":"2026-04-28T22:01:00","guid":{"rendered":"https:\/\/agr-tc.pt\/wp\/?p=10881"},"modified":"2026-04-28T23:07:04","modified_gmt":"2026-04-28T23:07:04","slug":"e-se-eu-fosse-uma-obra-de-arte","status":"publish","type":"post","link":"https:\/\/agr-tc.pt\/wp\/?p=10881","title":{"rendered":"E se eu fosse uma obra de arte?"},"content":{"rendered":"\n<p>7.\u00aa edi\u00e7\u00e3o &#8211; 6 de maio de 2026<\/p>\n\n\n\n<p>Entretanto, ficam algumas imagens da edi\u00e7\u00e3o de 2025 (6.\u00aa).<\/p>\n\n\n\n<figure class=\"wp-block-embed is-type-video is-provider-youtube wp-block-embed-youtube wp-embed-aspect-16-9 wp-has-aspect-ratio\"><div class=\"wp-block-embed__wrapper\">\n<iframe loading=\"lazy\" title=\"E se eu fosse uma obra de Obra de Arte?\" width=\"640\" height=\"360\" src=\"https:\/\/www.youtube.com\/embed\/QjzToA7nYpE?feature=oembed\" frameborder=\"0\" allow=\"accelerometer; autoplay; clipboard-write; encrypted-media; gyroscope; picture-in-picture; web-share\" referrerpolicy=\"strict-origin-when-cross-origin\" allowfullscreen><\/iframe>\n<\/div><\/figure>\n\n\n\n<p><\/p>\n\n\n\n<p><strong>Cartaz da edi\u00e7\u00e3o de 2026:<\/strong><\/p>\n\n\n\n<figure class=\"wp-block-embed is-type-wp-embed is-provider-agrupamento-de-escolas-tom-s-cabreira wp-block-embed-agrupamento-de-escolas-tom-s-cabreira\"><div class=\"wp-block-embed__wrapper\">\n<blockquote class=\"wp-embedded-content\" data-secret=\"qLDSMMpS9m\"><a href=\"https:\/\/agr-tc.pt\/wp\/?p=10858\">\u201cE se eu fosse uma obra de arte?\u201d &#8211; 6 de maio &#8211; 2026<\/a><\/blockquote><iframe loading=\"lazy\" class=\"wp-embedded-content\" sandbox=\"allow-scripts\" security=\"restricted\" style=\"position: absolute; visibility: hidden;\" title=\"&#8220;\u201cE se eu fosse uma obra de arte?\u201d &#8211; 6 de maio &#8211; 2026&#8221; &#8212; Agrupamento de Escolas Tom\u00e1s Cabreira\" src=\"https:\/\/agr-tc.pt\/wp\/?p=10858&#038;embed=true#?secret=bdV13GdNR5#?secret=qLDSMMpS9m\" data-secret=\"qLDSMMpS9m\" width=\"600\" height=\"338\" frameborder=\"0\" marginwidth=\"0\" marginheight=\"0\" scrolling=\"no\"><\/iframe>\n<\/div><\/figure>\n\n\n\n<iframe loading=\"lazy\" src=\"https:\/\/www.facebook.com\/plugins\/post.php?href=https%3A%2F%2Fwww.facebook.com%2FAgr.Esc.Tomas.Cabreira.Faro%2Fposts%2Fpfbid0uLGev8Guy58qBieMUBhsbyqyF9oWv2QEhkkp9ScXUqTsdh93HRc9G6b9jtN7aoz8l&#038;show_text=true&#038;width=500\" width=\"500\" height=\"531\" style=\"border:none;overflow:hidden\" scrolling=\"no\" frameborder=\"0\" allowfullscreen=\"true\" allow=\"autoplay; clipboard-write; encrypted-media; picture-in-picture; web-share\"><\/iframe>\n","protected":false},"excerpt":{"rendered":"<p>7.\u00aa edi\u00e7\u00e3o &#8211; 6 de maio de 2026 Entretanto, ficam algumas imagens da edi\u00e7\u00e3o de 2025 (6.\u00aa). Cartaz da edi\u00e7\u00e3o de 2026:<\/p>\n","protected":false},"author":4,"featured_media":0,"comment_status":"closed","ping_status":"closed","sticky":false,"template":"","format":"standard","meta":{"footnotes":""},"categories":[43,32,24],"tags":[],"class_list":["post-10881","post","type-post","status-publish","format-standard","hentry","category-43","category-artes","category-historia"],"gutentor_comment":0,"_links":{"self":[{"href":"https:\/\/agr-tc.pt\/wp\/index.php?rest_route=\/wp\/v2\/posts\/10881","targetHints":{"allow":["GET"]}}],"collection":[{"href":"https:\/\/agr-tc.pt\/wp\/index.php?rest_route=\/wp\/v2\/posts"}],"about":[{"href":"https:\/\/agr-tc.pt\/wp\/index.php?rest_route=\/wp\/v2\/types\/post"}],"author":[{"embeddable":true,"href":"https:\/\/agr-tc.pt\/wp\/index.php?rest_route=\/wp\/v2\/users\/4"}],"replies":[{"embeddable":true,"href":"https:\/\/agr-tc.pt\/wp\/index.php?rest_route=%2Fwp%2Fv2%2Fcomments&post=10881"}],"version-history":[{"count":3,"href":"https:\/\/agr-tc.pt\/wp\/index.php?rest_route=\/wp\/v2\/posts\/10881\/revisions"}],"predecessor-version":[{"id":10886,"href":"https:\/\/agr-tc.pt\/wp\/index.php?rest_route=\/wp\/v2\/posts\/10881\/revisions\/10886"}],"wp:attachment":[{"href":"https:\/\/agr-tc.pt\/wp\/index.php?rest_route=%2Fwp%2Fv2%2Fmedia&parent=10881"}],"wp:term":[{"taxonomy":"category","embeddable":true,"href":"https:\/\/agr-tc.pt\/wp\/index.php?rest_route=%2Fwp%2Fv2%2Fcategories&post=10881"},{"taxonomy":"post_tag","embeddable":true,"href":"https:\/\/agr-tc.pt\/wp\/index.php?rest_route=%2Fwp%2Fv2%2Ftags&post=10881"}],"curies":[{"name":"wp","href":"https:\/\/api.w.org\/{rel}","templated":true}]}}