{"id":10586,"date":"2026-01-26T18:32:11","date_gmt":"2026-01-26T18:32:11","guid":{"rendered":"https:\/\/agr-tc.pt\/wp\/?p=10586"},"modified":"2026-01-26T18:32:50","modified_gmt":"2026-01-26T18:32:50","slug":"30-01-2026-festa-do-atletismo","status":"publish","type":"post","link":"https:\/\/agr-tc.pt\/wp\/?p=10586","title":{"rendered":"30\/01\/2026 &#8211; Festa do Atletismo"},"content":{"rendered":"\n<p>Informamos que, face \u00e0s previs\u00f5es de chuva para o dia 27, a Festa do Atletismo foi adiada para a pr\u00f3xima sexta-feira, dia 30\/01\/2026.<\/p>\n\n\n<div class=\"wp-block-image\">\n<figure class=\"aligncenter size-full is-resized\"><img loading=\"lazy\" decoding=\"async\" width=\"720\" height=\"509\" src=\"https:\/\/agr-tc.pt\/wp\/wp-content\/uploads\/2026\/01\/megafesta.jpg\" alt=\"\" class=\"wp-image-10587\" style=\"width:492px;height:auto\" srcset=\"https:\/\/agr-tc.pt\/wp\/wp-content\/uploads\/2026\/01\/megafesta.jpg 720w, https:\/\/agr-tc.pt\/wp\/wp-content\/uploads\/2026\/01\/megafesta-340x240.jpg 340w\" sizes=\"auto, (max-width: 720px) 100vw, 720px\" \/><\/figure>\n<\/div>\n\n\n<p><br><br><br><br><br><\/p>\n","protected":false},"excerpt":{"rendered":"<p>Informamos que, face \u00e0s previs\u00f5es de chuva para o dia 27, a Festa do Atletismo foi adiada para a pr\u00f3xima sexta-feira, dia 30\/01\/2026.<\/p>\n","protected":false},"author":4,"featured_media":0,"comment_status":"closed","ping_status":"closed","sticky":false,"template":"","format":"standard","meta":{"footnotes":""},"categories":[43,31],"tags":[],"class_list":["post-10586","post","type-post","status-publish","format-standard","hentry","category-43","category-desporto-escolar"],"gutentor_comment":0,"_links":{"self":[{"href":"https:\/\/agr-tc.pt\/wp\/index.php?rest_route=\/wp\/v2\/posts\/10586","targetHints":{"allow":["GET"]}}],"collection":[{"href":"https:\/\/agr-tc.pt\/wp\/index.php?rest_route=\/wp\/v2\/posts"}],"about":[{"href":"https:\/\/agr-tc.pt\/wp\/index.php?rest_route=\/wp\/v2\/types\/post"}],"author":[{"embeddable":true,"href":"https:\/\/agr-tc.pt\/wp\/index.php?rest_route=\/wp\/v2\/users\/4"}],"replies":[{"embeddable":true,"href":"https:\/\/agr-tc.pt\/wp\/index.php?rest_route=%2Fwp%2Fv2%2Fcomments&post=10586"}],"version-history":[{"count":1,"href":"https:\/\/agr-tc.pt\/wp\/index.php?rest_route=\/wp\/v2\/posts\/10586\/revisions"}],"predecessor-version":[{"id":10588,"href":"https:\/\/agr-tc.pt\/wp\/index.php?rest_route=\/wp\/v2\/posts\/10586\/revisions\/10588"}],"wp:attachment":[{"href":"https:\/\/agr-tc.pt\/wp\/index.php?rest_route=%2Fwp%2Fv2%2Fmedia&parent=10586"}],"wp:term":[{"taxonomy":"category","embeddable":true,"href":"https:\/\/agr-tc.pt\/wp\/index.php?rest_route=%2Fwp%2Fv2%2Fcategories&post=10586"},{"taxonomy":"post_tag","embeddable":true,"href":"https:\/\/agr-tc.pt\/wp\/index.php?rest_route=%2Fwp%2Fv2%2Ftags&post=10586"}],"curies":[{"name":"wp","href":"https:\/\/api.w.org\/{rel}","templated":true}]}}