{"id":10583,"date":"2026-01-26T18:27:54","date_gmt":"2026-01-26T18:27:54","guid":{"rendered":"https:\/\/agr-tc.pt\/wp\/?p=10583"},"modified":"2026-02-02T10:38:59","modified_gmt":"2026-02-02T10:38:59","slug":"palestra-a-inquisicao-em-faro","status":"publish","type":"post","link":"https:\/\/agr-tc.pt\/wp\/?p=10583","title":{"rendered":"Palestra \u201cA Inquisi\u00e7\u00e3o em Faro&#8221;"},"content":{"rendered":"\n<p>&#8220;A Inquisi\u00e7\u00e3o em Faro &#8211; \u201cNo dia 19 de janeiro, as turmas D e E do 10\u00ba ano, turmas C, E e F do 11\u00ba ano e turma F do 12\u00ba ano assistiram \u00e0 palestra \u201cA Inquisi\u00e7\u00e3o em Faro\u201d proferida pelo Dr. Daniel Giebels, enquadrou-se no projeto \u201cDar vida ao Arquivo\u201d, promovido pelas professoras Carla Leite e Fernanda Campos, e teve como principal objetivo aproximar os alunos das fontes hist\u00f3ricas e da hist\u00f3ria local, valorizando o patrim\u00f3nio documental existente. Ao centrar-se na Inquisi\u00e7\u00e3o em Faro, a sess\u00e3o contribuiu para uma compreens\u00e3o mais concreta e contextualizada deste fen\u00f3meno hist\u00f3rico, frequentemente abordado de forma abstrata nos manuais escolares.<\/p>\n\n\n\n<p>A realiza\u00e7\u00e3o da palestra sobre a Inquisi\u00e7\u00e3o em Faro revelou-se de extrema import\u00e2ncia para os alunos do ensino secund\u00e1rio, no \u00e2mbito das disciplinas de Hist\u00f3ria A e Hist\u00f3ria B, bem como da \u00e1rea de Cidadania e Desenvolvimento, no dom\u00ednio dos Direitos Humanos. Esta iniciativa permitiu articular o conhecimento hist\u00f3rico com a reflex\u00e3o cr\u00edtica sobre valores fundamentais da sociedade contempor\u00e2nea.<\/p>\n\n\n\n<p>Do ponto de vista curricular, a palestra refor\u00e7ou conte\u00fados essenciais das disciplinas de Hist\u00f3ria A e B, nomeadamente no que respeita \u00e0s estruturas de poder, aos mecanismos de controlo social e religioso e \u00e0s consequ\u00eancias da intoler\u00e2ncia religiosa. A abordagem rigorosa e acess\u00edvel do Dr. Daniel Giebels permitiu aos alunos compreenderem o funcionamento do Tribunal do Santo Of\u00edcio, o impacto das persegui\u00e7\u00f5es inquisitoriais na popula\u00e7\u00e3o e as especificidades do contexto algarvio. Paralelamente, a iniciativa assumiu um papel relevante na forma\u00e7\u00e3o c\u00edvica dos alunos, ao promover a reflex\u00e3o sobre os Direitos Humanos. A an\u00e1lise das pr\u00e1ticas da Inquisi\u00e7\u00e3o \u2014 como a censura, a persegui\u00e7\u00e3o por motivos religiosos, a tortura e a nega\u00e7\u00e3o das liberdades individuais \u2014 possibilitou estabelecer pontes entre o passado e o presente, refor\u00e7ando a import\u00e2ncia da defesa da dignidade humana, da liberdade de pensamento e da toler\u00e2ncia numa sociedade democr\u00e1tica.<\/p>\n\n\n\n<p>Assim, esta palestra constituiu uma experi\u00eancia educativa enriquecedora, ao conjugar conhecimento hist\u00f3rico, valoriza\u00e7\u00e3o do patrim\u00f3nio local e educa\u00e7\u00e3o para a cidadania. Iniciativas como esta contribuem para o desenvolvimento do pensamento cr\u00edtico dos alunos e para a forma\u00e7\u00e3o de cidad\u00e3os conscientes, informados e comprometidos com os valores dos Direitos Humanos&#8221;.<\/p>\n\n\n\n<iframe loading=\"lazy\" src=\"https:\/\/www.facebook.com\/plugins\/video.php?height=476&#038;href=https%3A%2F%2Fwww.facebook.com%2Freel%2F4055318581398835%2F&#038;show_text=false&#038;width=267&#038;t=0\" width=\"267\" height=\"476\" style=\"border:none;overflow:hidden\" scrolling=\"no\" frameborder=\"0\" allowfullscreen=\"true\" allow=\"autoplay; clipboard-write; encrypted-media; picture-in-picture; web-share\" allowFullScreen=\"true\"><\/iframe>\n","protected":false},"excerpt":{"rendered":"<p>\u201cA Inquisi\u00e7\u00e3o em Faro \u2013 \u201cNo dia 19 de janeiro, as turmas D e E do 10\u00ba ano, turmas E e F do 11\u00ba ano e turma F do 12\u00ba ano assistiram \u00e0 palestra \u201cA Inquisi\u00e7\u00e3o em Faro\u201d proferida pelo Dr. Daniel Giebels, enquadrou-se no<\/p>\n","protected":false},"author":4,"featured_media":0,"comment_status":"closed","ping_status":"closed","sticky":false,"template":"","format":"standard","meta":{"footnotes":""},"categories":[43,33,20],"tags":[],"class_list":["post-10583","post","type-post","status-publish","format-standard","hentry","category-43","category-arquivo","category-escolatomascabreira"],"gutentor_comment":0,"_links":{"self":[{"href":"https:\/\/agr-tc.pt\/wp\/index.php?rest_route=\/wp\/v2\/posts\/10583","targetHints":{"allow":["GET"]}}],"collection":[{"href":"https:\/\/agr-tc.pt\/wp\/index.php?rest_route=\/wp\/v2\/posts"}],"about":[{"href":"https:\/\/agr-tc.pt\/wp\/index.php?rest_route=\/wp\/v2\/types\/post"}],"author":[{"embeddable":true,"href":"https:\/\/agr-tc.pt\/wp\/index.php?rest_route=\/wp\/v2\/users\/4"}],"replies":[{"embeddable":true,"href":"https:\/\/agr-tc.pt\/wp\/index.php?rest_route=%2Fwp%2Fv2%2Fcomments&post=10583"}],"version-history":[{"count":3,"href":"https:\/\/agr-tc.pt\/wp\/index.php?rest_route=\/wp\/v2\/posts\/10583\/revisions"}],"predecessor-version":[{"id":10614,"href":"https:\/\/agr-tc.pt\/wp\/index.php?rest_route=\/wp\/v2\/posts\/10583\/revisions\/10614"}],"wp:attachment":[{"href":"https:\/\/agr-tc.pt\/wp\/index.php?rest_route=%2Fwp%2Fv2%2Fmedia&parent=10583"}],"wp:term":[{"taxonomy":"category","embeddable":true,"href":"https:\/\/agr-tc.pt\/wp\/index.php?rest_route=%2Fwp%2Fv2%2Fcategories&post=10583"},{"taxonomy":"post_tag","embeddable":true,"href":"https:\/\/agr-tc.pt\/wp\/index.php?rest_route=%2Fwp%2Fv2%2Ftags&post=10583"}],"curies":[{"name":"wp","href":"https:\/\/api.w.org\/{rel}","templated":true}]}}